
{"id":65973,"date":"2017-06-14T21:34:48","date_gmt":"2017-06-15T00:34:48","guid":{"rendered":"http:\/\/www.sudoestehoje.com.br\/novoportal\/?p=65973"},"modified":"2017-06-14T21:34:48","modified_gmt":"2017-06-15T00:34:48","slug":"ministerio-da-saude-destaca-trabalho-de-pesquisa-e-tuberculose-da-fjs","status":"publish","type":"post","link":"https:\/\/www.sudoestehoje.com.br\/novoportal\/2017\/06\/14\/ministerio-da-saude-destaca-trabalho-de-pesquisa-e-tuberculose-da-fjs\/","title":{"rendered":"MINIST\u00c9RIO DA SA\u00daDE DESTACA TRABALHO DE PESQUISA E TUBERCULOSE DA FJS"},"content":{"rendered":"<p><a href=\"http:\/\/www.sudoestehoje.com.br\/novoportal\/wp-content\/uploads\/2017\/06\/FJS.jpg\"><img loading=\"lazy\" decoding=\"async\" class=\"aligncenter size-medium wp-image-65974\" src=\"http:\/\/www.sudoestehoje.com.br\/novoportal\/wp-content\/uploads\/2017\/06\/FJS-500x331.jpg\" alt=\"\" width=\"500\" height=\"331\" srcset=\"https:\/\/www.sudoestehoje.com.br\/novoportal\/wp-content\/uploads\/2017\/06\/FJS-500x331.jpg 500w, https:\/\/www.sudoestehoje.com.br\/novoportal\/wp-content\/uploads\/2017\/06\/FJS-768x508.jpg 768w, https:\/\/www.sudoestehoje.com.br\/novoportal\/wp-content\/uploads\/2017\/06\/FJS-700x463.jpg 700w, https:\/\/www.sudoestehoje.com.br\/novoportal\/wp-content\/uploads\/2017\/06\/FJS.jpg 960w\" sizes=\"auto, (max-width: 500px) 100vw, 500px\" \/><\/a><\/p>\n<p>Respons\u00e1vel pela gest\u00e3o do Biorreposit\u00f3rio no Brasil, a Funda\u00e7\u00e3o Jos\u00e9 Silveira (FJS) recebeu hoje (14) a visita de representantes do Minist\u00e9rio da Sa\u00fade, que vieram conhecer as instala\u00e7\u00f5es e o funcionamento do projeto mundial que coleta e armazena informa\u00e7\u00f5es sobre a cura entre os pacientes e a ocorr\u00eancia de tuberculose ativa entre contatos.<\/p>\n<p>O presidente e a superintendente da FJS, Dr. Geraldo Leite e Leila Brito, juntos com a equipe do Centro de Pesquisa da FJS que atua no Biorreposit\u00f3rio, recepcionaram e acompanharam os visitantes. O epidemiologista do setor de Informa\u00e7\u00f5es Estrat\u00e9gicas do Programa Nacional de Controle da Tuberculose, Kleydson Andrade, destacou a import\u00e2ncia da FJS no projeto e a qualidade do Biorreposit\u00f3rio sediado na institui\u00e7\u00e3o.\u00a0&#8220;Esse \u00e9 um dos cons\u00f3rcios de pesquisas mais robustos do Brasil, em termos de qualidade de amostra&#8221;.<\/p>\n<p>O consultor t\u00e9cnico do Departamento de Ci\u00eancia e Tecnologia do Minist\u00e9rio da Sa\u00fade, Karlos Diogo Charlegre, refor\u00e7ou a satisfa\u00e7\u00e3o pelo que viu e frisou a seguran\u00e7a de ter o projeto sediado na FJS. &#8220;A Bahia \u00e9 um dos estados que mais s\u00e3o afetados pela tuberculose. Saber que a Funda\u00e7\u00e3o Jos\u00e9 Silveira tem um instituto como o IBIT, que trabalha diretamente com tuberculose, e o Biorreposit\u00f3rio instalado aqui, \u00e9 de fundamental import\u00e2ncia para o projeto. Sem a Funda\u00e7\u00e3o, aqui na Bahia, talvez, esse projeto n\u00e3o tivesse acontecido&#8221;. \/\/Ascom<\/p>\n","protected":false},"excerpt":{"rendered":"<p>Respons\u00e1vel pela gest\u00e3o do Biorreposit\u00f3rio no Brasil, a Funda\u00e7\u00e3o Jos\u00e9 Silveira (FJS) recebeu hoje (14) a visita de representantes do Minist\u00e9rio da Sa\u00fade, que vieram conhecer as instala\u00e7\u00f5es e o funcionamento do projeto mundial que coleta e armazena informa\u00e7\u00f5es sobre a cura entre os pacientes e a ocorr\u00eancia de tuberculose ativa entre contatos. O presidente [&hellip;]<\/p>\n","protected":false},"author":2,"featured_media":65974,"comment_status":"open","ping_status":"open","sticky":false,"template":"","format":"standard","meta":{"footnotes":"","_links_to":"","_links_to_target":""},"categories":[1],"tags":[],"class_list":["post-65973","post","type-post","status-publish","format-standard","has-post-thumbnail","hentry","category-geral"],"views":1297,"_links":{"self":[{"href":"https:\/\/www.sudoestehoje.com.br\/novoportal\/wp-json\/wp\/v2\/posts\/65973","targetHints":{"allow":["GET"]}}],"collection":[{"href":"https:\/\/www.sudoestehoje.com.br\/novoportal\/wp-json\/wp\/v2\/posts"}],"about":[{"href":"https:\/\/www.sudoestehoje.com.br\/novoportal\/wp-json\/wp\/v2\/types\/post"}],"author":[{"embeddable":true,"href":"https:\/\/www.sudoestehoje.com.br\/novoportal\/wp-json\/wp\/v2\/users\/2"}],"replies":[{"embeddable":true,"href":"https:\/\/www.sudoestehoje.com.br\/novoportal\/wp-json\/wp\/v2\/comments?post=65973"}],"version-history":[{"count":1,"href":"https:\/\/www.sudoestehoje.com.br\/novoportal\/wp-json\/wp\/v2\/posts\/65973\/revisions"}],"predecessor-version":[{"id":65975,"href":"https:\/\/www.sudoestehoje.com.br\/novoportal\/wp-json\/wp\/v2\/posts\/65973\/revisions\/65975"}],"wp:featuredmedia":[{"embeddable":true,"href":"https:\/\/www.sudoestehoje.com.br\/novoportal\/wp-json\/wp\/v2\/media\/65974"}],"wp:attachment":[{"href":"https:\/\/www.sudoestehoje.com.br\/novoportal\/wp-json\/wp\/v2\/media?parent=65973"}],"wp:term":[{"taxonomy":"category","embeddable":true,"href":"https:\/\/www.sudoestehoje.com.br\/novoportal\/wp-json\/wp\/v2\/categories?post=65973"},{"taxonomy":"post_tag","embeddable":true,"href":"https:\/\/www.sudoestehoje.com.br\/novoportal\/wp-json\/wp\/v2\/tags?post=65973"}],"curies":[{"name":"wp","href":"https:\/\/api.w.org\/{rel}","templated":true}]}}