
{"id":65969,"date":"2017-06-14T13:07:30","date_gmt":"2017-06-14T16:07:30","guid":{"rendered":"http:\/\/www.sudoestehoje.com.br\/novoportal\/?p=65969"},"modified":"2017-06-14T13:07:30","modified_gmt":"2017-06-14T16:07:30","slug":"sepultamento-de-diego-sera-as-17h","status":"publish","type":"post","link":"https:\/\/www.sudoestehoje.com.br\/novoportal\/2017\/06\/14\/sepultamento-de-diego-sera-as-17h\/","title":{"rendered":"SEPULTAMENTO DE DIEGO SER\u00c1 \u00c0S 17h"},"content":{"rendered":"<p><a href=\"http:\/\/www.sudoestehoje.com.br\/novoportal\/wp-content\/uploads\/2017\/06\/diego-4.jpg\"><img loading=\"lazy\" decoding=\"async\" class=\"aligncenter size-medium wp-image-65971\" src=\"http:\/\/www.sudoestehoje.com.br\/novoportal\/wp-content\/uploads\/2017\/06\/diego-4-500x500.jpg\" alt=\"\" width=\"500\" height=\"500\" srcset=\"https:\/\/www.sudoestehoje.com.br\/novoportal\/wp-content\/uploads\/2017\/06\/diego-4-500x500.jpg 500w, https:\/\/www.sudoestehoje.com.br\/novoportal\/wp-content\/uploads\/2017\/06\/diego-4-150x150.jpg 150w, https:\/\/www.sudoestehoje.com.br\/novoportal\/wp-content\/uploads\/2017\/06\/diego-4-768x768.jpg 768w, https:\/\/www.sudoestehoje.com.br\/novoportal\/wp-content\/uploads\/2017\/06\/diego-4-700x700.jpg 700w, https:\/\/www.sudoestehoje.com.br\/novoportal\/wp-content\/uploads\/2017\/06\/diego-4.jpg 960w\" sizes=\"auto, (max-width: 500px) 100vw, 500px\" \/><\/a><\/p>\n<p>A fam\u00edlia do jovem Diego Galv\u00e3o, falecido nesta ter\u00e7a-feira (13), em Vit\u00f3ria da Conquista, comunica aos amigos e popula\u00e7\u00e3o em geral que o corpo j\u00e1 est\u00e1 sendo velado no Cerimonial Pax Perfei\u00e7\u00e3o, na Avenida Cinquenten\u00e1rio, em Itapetinga, e que o sepultamento est\u00e1 previsto para as 17h, no Cemit\u00e9rio Central, no bairro Camacan.<\/p>\n<p>Pais e familiares de Diego agradecem a todas as manifesta\u00e7\u00f5es de pesar e solidariedade dos amigos e popula\u00e7\u00e3o em geral, neste momento de enorme sofrimento pela inestim\u00e1vel perda.<\/p>\n<p><em><strong>Reda\u00e7\u00e3o<\/strong><\/em><\/p>\n","protected":false},"excerpt":{"rendered":"<p>A fam\u00edlia do jovem Diego Galv\u00e3o, falecido nesta ter\u00e7a-feira (13), em Vit\u00f3ria da Conquista, comunica aos amigos e popula\u00e7\u00e3o em geral que o corpo j\u00e1 est\u00e1 sendo velado no Cerimonial Pax Perfei\u00e7\u00e3o, na Avenida Cinquenten\u00e1rio, em Itapetinga, e que o sepultamento est\u00e1 previsto para as 17h, no Cemit\u00e9rio Central, no bairro Camacan. Pais e familiares [&hellip;]<\/p>\n","protected":false},"author":2,"featured_media":65970,"comment_status":"open","ping_status":"open","sticky":false,"template":"","format":"standard","meta":{"footnotes":"","_links_to":"","_links_to_target":""},"categories":[1],"tags":[],"class_list":["post-65969","post","type-post","status-publish","format-standard","has-post-thumbnail","hentry","category-geral"],"views":2273,"_links":{"self":[{"href":"https:\/\/www.sudoestehoje.com.br\/novoportal\/wp-json\/wp\/v2\/posts\/65969","targetHints":{"allow":["GET"]}}],"collection":[{"href":"https:\/\/www.sudoestehoje.com.br\/novoportal\/wp-json\/wp\/v2\/posts"}],"about":[{"href":"https:\/\/www.sudoestehoje.com.br\/novoportal\/wp-json\/wp\/v2\/types\/post"}],"author":[{"embeddable":true,"href":"https:\/\/www.sudoestehoje.com.br\/novoportal\/wp-json\/wp\/v2\/users\/2"}],"replies":[{"embeddable":true,"href":"https:\/\/www.sudoestehoje.com.br\/novoportal\/wp-json\/wp\/v2\/comments?post=65969"}],"version-history":[{"count":1,"href":"https:\/\/www.sudoestehoje.com.br\/novoportal\/wp-json\/wp\/v2\/posts\/65969\/revisions"}],"predecessor-version":[{"id":65972,"href":"https:\/\/www.sudoestehoje.com.br\/novoportal\/wp-json\/wp\/v2\/posts\/65969\/revisions\/65972"}],"wp:featuredmedia":[{"embeddable":true,"href":"https:\/\/www.sudoestehoje.com.br\/novoportal\/wp-json\/wp\/v2\/media\/65970"}],"wp:attachment":[{"href":"https:\/\/www.sudoestehoje.com.br\/novoportal\/wp-json\/wp\/v2\/media?parent=65969"}],"wp:term":[{"taxonomy":"category","embeddable":true,"href":"https:\/\/www.sudoestehoje.com.br\/novoportal\/wp-json\/wp\/v2\/categories?post=65969"},{"taxonomy":"post_tag","embeddable":true,"href":"https:\/\/www.sudoestehoje.com.br\/novoportal\/wp-json\/wp\/v2\/tags?post=65969"}],"curies":[{"name":"wp","href":"https:\/\/api.w.org\/{rel}","templated":true}]}}