
{"id":65966,"date":"2017-06-13T21:50:49","date_gmt":"2017-06-14T00:50:49","guid":{"rendered":"http:\/\/www.sudoestehoje.com.br\/novoportal\/?p=65966"},"modified":"2017-06-13T21:50:49","modified_gmt":"2017-06-14T00:50:49","slug":"renuncia-de-neto-para-disputar-governo-e-apoiada-por-649-dos-eleitores","status":"publish","type":"post","link":"https:\/\/www.sudoestehoje.com.br\/novoportal\/2017\/06\/13\/renuncia-de-neto-para-disputar-governo-e-apoiada-por-649-dos-eleitores\/","title":{"rendered":"REN\u00daNCIA DE NETO PARA DISPUTAR GOVERNO \u00c9 APOIADA POR 64,9% DOS ELEITORES"},"content":{"rendered":"<p><a href=\"http:\/\/www.sudoestehoje.com.br\/novoportal\/wp-content\/uploads\/2017\/06\/NETO.jpg\"><img loading=\"lazy\" decoding=\"async\" class=\"aligncenter size-medium wp-image-65967\" src=\"http:\/\/www.sudoestehoje.com.br\/novoportal\/wp-content\/uploads\/2017\/06\/NETO-500x305.jpg\" alt=\"\" width=\"500\" height=\"305\" srcset=\"https:\/\/www.sudoestehoje.com.br\/novoportal\/wp-content\/uploads\/2017\/06\/NETO-500x305.jpg 500w, https:\/\/www.sudoestehoje.com.br\/novoportal\/wp-content\/uploads\/2017\/06\/NETO.jpg 550w\" sizes=\"auto, (max-width: 500px) 100vw, 500px\" \/><\/a><\/p>\n<p>Segundo pesquisa do Instituto Paran\u00e1 divulgada nesta ter\u00e7a-feira (13) pela TV Record Bahia, 64,9% dos eleitores de Salvador apoiam a ren\u00fancia de ACM Neto (DEM) do posto de prefeito para disputar o cargo de governador do Estado em 2018.<\/p>\n<p>O percentual de eleitores contr\u00e1rios \u00e9 de 30,2%. Os que n\u00e3o souberam opinar representaram 4,8%. Em recente pesquisa divulgada pelo mesmo instituto, Neto aparece liderando a disputa pelo governo \u2013 mas o democrata afirma que uma poss\u00edvel candidatura depender\u00e1 da aprova\u00e7\u00e3o da popula\u00e7\u00e3o de Salvador.<\/p>\n","protected":false},"excerpt":{"rendered":"<p>Segundo pesquisa do Instituto Paran\u00e1 divulgada nesta ter\u00e7a-feira (13) pela TV Record Bahia, 64,9% dos eleitores de Salvador apoiam a ren\u00fancia de ACM Neto (DEM) do posto de prefeito para disputar o cargo de governador do Estado em 2018. O percentual de eleitores contr\u00e1rios \u00e9 de 30,2%. Os que n\u00e3o souberam opinar representaram 4,8%. Em [&hellip;]<\/p>\n","protected":false},"author":2,"featured_media":65967,"comment_status":"open","ping_status":"open","sticky":false,"template":"","format":"standard","meta":{"footnotes":"","_links_to":"","_links_to_target":""},"categories":[1],"tags":[],"class_list":["post-65966","post","type-post","status-publish","format-standard","has-post-thumbnail","hentry","category-geral"],"views":1794,"_links":{"self":[{"href":"https:\/\/www.sudoestehoje.com.br\/novoportal\/wp-json\/wp\/v2\/posts\/65966","targetHints":{"allow":["GET"]}}],"collection":[{"href":"https:\/\/www.sudoestehoje.com.br\/novoportal\/wp-json\/wp\/v2\/posts"}],"about":[{"href":"https:\/\/www.sudoestehoje.com.br\/novoportal\/wp-json\/wp\/v2\/types\/post"}],"author":[{"embeddable":true,"href":"https:\/\/www.sudoestehoje.com.br\/novoportal\/wp-json\/wp\/v2\/users\/2"}],"replies":[{"embeddable":true,"href":"https:\/\/www.sudoestehoje.com.br\/novoportal\/wp-json\/wp\/v2\/comments?post=65966"}],"version-history":[{"count":1,"href":"https:\/\/www.sudoestehoje.com.br\/novoportal\/wp-json\/wp\/v2\/posts\/65966\/revisions"}],"predecessor-version":[{"id":65968,"href":"https:\/\/www.sudoestehoje.com.br\/novoportal\/wp-json\/wp\/v2\/posts\/65966\/revisions\/65968"}],"wp:featuredmedia":[{"embeddable":true,"href":"https:\/\/www.sudoestehoje.com.br\/novoportal\/wp-json\/wp\/v2\/media\/65967"}],"wp:attachment":[{"href":"https:\/\/www.sudoestehoje.com.br\/novoportal\/wp-json\/wp\/v2\/media?parent=65966"}],"wp:term":[{"taxonomy":"category","embeddable":true,"href":"https:\/\/www.sudoestehoje.com.br\/novoportal\/wp-json\/wp\/v2\/categories?post=65966"},{"taxonomy":"post_tag","embeddable":true,"href":"https:\/\/www.sudoestehoje.com.br\/novoportal\/wp-json\/wp\/v2\/tags?post=65966"}],"curies":[{"name":"wp","href":"https:\/\/api.w.org\/{rel}","templated":true}]}}