
{"id":65955,"date":"2017-06-12T20:10:02","date_gmt":"2017-06-12T23:10:02","guid":{"rendered":"http:\/\/www.sudoestehoje.com.br\/novoportal\/?p=65955"},"modified":"2017-06-12T20:10:02","modified_gmt":"2017-06-12T23:10:02","slug":"guerra-do-trafico-assusta-itapetinga","status":"publish","type":"post","link":"https:\/\/www.sudoestehoje.com.br\/novoportal\/2017\/06\/12\/guerra-do-trafico-assusta-itapetinga\/","title":{"rendered":"GUERRA DO TR\u00c1FICO ASSUSTA ITAPETINGA"},"content":{"rendered":"<p><a href=\"http:\/\/www.sudoestehoje.com.br\/novoportal\/wp-content\/uploads\/2017\/06\/traficante-morto.jpg\"><img loading=\"lazy\" decoding=\"async\" class=\"aligncenter size-medium wp-image-65957\" src=\"http:\/\/www.sudoestehoje.com.br\/novoportal\/wp-content\/uploads\/2017\/06\/traficante-morto-500x302.jpg\" alt=\"\" width=\"500\" height=\"302\" srcset=\"https:\/\/www.sudoestehoje.com.br\/novoportal\/wp-content\/uploads\/2017\/06\/traficante-morto-500x302.jpg 500w, https:\/\/www.sudoestehoje.com.br\/novoportal\/wp-content\/uploads\/2017\/06\/traficante-morto.jpg 529w\" sizes=\"auto, (max-width: 500px) 100vw, 500px\" \/><\/a><\/p>\n<p>A popula\u00e7\u00e3o de Itapetinga est\u00e1 apreensiva com a onda de viol\u00eancia que assola a cidade nos \u00faltimos dias, devido \u00e0s disputas entre grupos rivais do tr\u00e1fico de drogas na cidade.<\/p>\n<p>Na noite deste domingo (11), um jovem de prenome Igor foi perseguido e executado a tiros em uma casa no Residencial Jos\u00e9 Ivo, loteamento do programa Minha Casa Minha Vida, onde o tr\u00e1fico corre solto e a viol\u00eancia entre fac\u00e7\u00f5es rivais j\u00e1 fez in\u00fameras v\u00edtimas.<\/p>\n<p><a href=\"http:\/\/www.sudoestehoje.com.br\/novoportal\/wp-content\/uploads\/2017\/06\/paulinho-st.jpg\"><img loading=\"lazy\" decoding=\"async\" class=\"aligncenter size-medium wp-image-65960\" src=\"http:\/\/www.sudoestehoje.com.br\/novoportal\/wp-content\/uploads\/2017\/06\/paulinho-st-500x302.jpg\" alt=\"\" width=\"500\" height=\"302\" srcset=\"https:\/\/www.sudoestehoje.com.br\/novoportal\/wp-content\/uploads\/2017\/06\/paulinho-st-500x302.jpg 500w, https:\/\/www.sudoestehoje.com.br\/novoportal\/wp-content\/uploads\/2017\/06\/paulinho-st.jpg 529w\" sizes=\"auto, (max-width: 500px) 100vw, 500px\" \/><\/a><\/p>\n<p>Em meio ao tiroteio (cerca de 15 tiros), uma menina de 8 anos, de prenome Vit\u00f3ria, acabou sendo atingida na perna por bala perdida. Felizmente a crian\u00e7a foi atendida a tempo e passa bem.<\/p>\n<p>Nesta segunda (12), foi a vez do traficante &#8216;Paulinho do Sem Terra&#8217; ser abatido a tiros dentro do seu ve\u00edculo, em plena luz do dias, nas proximidades do Parque da Lagoa, em plena luz do dia, por dois homens em uma moto. Atingido por 7 tiros \u00e0 queima roupa, o chefe do tr\u00e1fico do bairro Am\u00e9rico Nogueira morreu na hora.<\/p>\n<p><a href=\"http:\/\/www.sudoestehoje.com.br\/novoportal\/wp-content\/uploads\/2017\/06\/traf.jpeg\"><img loading=\"lazy\" decoding=\"async\" class=\"aligncenter size-medium wp-image-65958\" src=\"http:\/\/www.sudoestehoje.com.br\/novoportal\/wp-content\/uploads\/2017\/06\/traf-500x363.jpeg\" alt=\"\" width=\"500\" height=\"363\" srcset=\"https:\/\/www.sudoestehoje.com.br\/novoportal\/wp-content\/uploads\/2017\/06\/traf-500x363.jpeg 500w, https:\/\/www.sudoestehoje.com.br\/novoportal\/wp-content\/uploads\/2017\/06\/traf.jpeg 579w\" sizes=\"auto, (max-width: 500px) 100vw, 500px\" \/><\/a><\/p>\n<p>Logo ap\u00f3s o assassinato do traficante, ruas Am\u00e9rico Nogueira (Sem Terra) foram interditadas por membros da sua fac\u00e7\u00e3o, decretando uma esp\u00e9cie de &#8216;toque de recolher&#8217; em parte do bairro.<\/p>\n<p>Segundo avalia\u00e7\u00f5es de alguns policiais e parte da imprensa local, uma guerra entre traficantes \u00e9 iminente, apesar do comando da PM ter emitido comunicado tentando tranquilizando a popula\u00e7\u00e3o.<\/p>\n<p><em><strong>Por Davi Ferraz<\/strong><\/em><\/p>\n","protected":false},"excerpt":{"rendered":"<p>A popula\u00e7\u00e3o de Itapetinga est\u00e1 apreensiva com a onda de viol\u00eancia que assola a cidade nos \u00faltimos dias, devido \u00e0s disputas entre grupos rivais do tr\u00e1fico de drogas na cidade. Na noite deste domingo (11), um jovem de prenome Igor foi perseguido e executado a tiros em uma casa no Residencial Jos\u00e9 Ivo, loteamento do [&hellip;]<\/p>\n","protected":false},"author":2,"featured_media":65957,"comment_status":"open","ping_status":"open","sticky":false,"template":"","format":"standard","meta":{"footnotes":"","_links_to":"","_links_to_target":""},"categories":[1],"tags":[],"class_list":["post-65955","post","type-post","status-publish","format-standard","has-post-thumbnail","hentry","category-geral"],"views":6798,"_links":{"self":[{"href":"https:\/\/www.sudoestehoje.com.br\/novoportal\/wp-json\/wp\/v2\/posts\/65955","targetHints":{"allow":["GET"]}}],"collection":[{"href":"https:\/\/www.sudoestehoje.com.br\/novoportal\/wp-json\/wp\/v2\/posts"}],"about":[{"href":"https:\/\/www.sudoestehoje.com.br\/novoportal\/wp-json\/wp\/v2\/types\/post"}],"author":[{"embeddable":true,"href":"https:\/\/www.sudoestehoje.com.br\/novoportal\/wp-json\/wp\/v2\/users\/2"}],"replies":[{"embeddable":true,"href":"https:\/\/www.sudoestehoje.com.br\/novoportal\/wp-json\/wp\/v2\/comments?post=65955"}],"version-history":[{"count":2,"href":"https:\/\/www.sudoestehoje.com.br\/novoportal\/wp-json\/wp\/v2\/posts\/65955\/revisions"}],"predecessor-version":[{"id":65961,"href":"https:\/\/www.sudoestehoje.com.br\/novoportal\/wp-json\/wp\/v2\/posts\/65955\/revisions\/65961"}],"wp:featuredmedia":[{"embeddable":true,"href":"https:\/\/www.sudoestehoje.com.br\/novoportal\/wp-json\/wp\/v2\/media\/65957"}],"wp:attachment":[{"href":"https:\/\/www.sudoestehoje.com.br\/novoportal\/wp-json\/wp\/v2\/media?parent=65955"}],"wp:term":[{"taxonomy":"category","embeddable":true,"href":"https:\/\/www.sudoestehoje.com.br\/novoportal\/wp-json\/wp\/v2\/categories?post=65955"},{"taxonomy":"post_tag","embeddable":true,"href":"https:\/\/www.sudoestehoje.com.br\/novoportal\/wp-json\/wp\/v2\/tags?post=65955"}],"curies":[{"name":"wp","href":"https:\/\/api.w.org\/{rel}","templated":true}]}}