
{"id":65951,"date":"2017-06-12T17:25:10","date_gmt":"2017-06-12T20:25:10","guid":{"rendered":"http:\/\/www.sudoestehoje.com.br\/novoportal\/?p=65951"},"modified":"2017-06-12T17:25:10","modified_gmt":"2017-06-12T20:25:10","slug":"deputado-lucio-vieira-lima-sofre-grave-acidente-de-carro-em-salvador","status":"publish","type":"post","link":"https:\/\/www.sudoestehoje.com.br\/novoportal\/2017\/06\/12\/deputado-lucio-vieira-lima-sofre-grave-acidente-de-carro-em-salvador\/","title":{"rendered":"DEPUTADO L\u00daCIO VIEIRA LIMA SOFRE GRAVE ACIDENTE DE CARRO EM SALVADOR"},"content":{"rendered":"<p><a href=\"http:\/\/www.sudoestehoje.com.br\/novoportal\/wp-content\/uploads\/2017\/06\/carro-de-lucio-vieira-lima-448x336.jpg\"><img loading=\"lazy\" decoding=\"async\" class=\"aligncenter  wp-image-65952\" src=\"http:\/\/www.sudoestehoje.com.br\/novoportal\/wp-content\/uploads\/2017\/06\/carro-de-lucio-vieira-lima-448x336.jpg\" alt=\"\" width=\"500\" height=\"375\" \/><\/a><\/p>\n<p>O deputado federal L\u00facio Vieira Lima (PMDB-BA) sofreu um acidente de carro na manh\u00e3 desta segunda-feira (12), na Avenida Centen\u00e1rio, em Salvador. Segundo o parlamentar, ele cochilou ao volante e colidiu com um posto. O ve\u00edculo ficou totalmente destru\u00eddo.<\/p>\n<p>Nas redes sociais, L\u00facio falou sobre a situa\u00e7\u00e3o e at\u00e9 fez uma ironia. \u201cGra\u00e7as a Deus, ao air bag e ao cinto de seguran\u00e7a, eu quebrei apenas o dedo mindinho da m\u00e3o direita, o qual devo operar ainda hoje\u201d, escreveu. Em seguida, completou: \u201cEstou comunicando para se algu\u00e9m falar voc\u00eas n\u00e3o ficarem nem preocupados nem felizes\u201d, ironizou o deputado.<\/p>\n<p><a href=\"http:\/\/www.sudoestehoje.com.br\/novoportal\/wp-content\/uploads\/2017\/06\/lucio-vieira-lima.jpg\"><img loading=\"lazy\" decoding=\"async\" class=\"aligncenter  wp-image-65953\" src=\"http:\/\/www.sudoestehoje.com.br\/novoportal\/wp-content\/uploads\/2017\/06\/lucio-vieira-lima.jpg\" alt=\"\" width=\"500\" height=\"422\" \/><\/a><\/p>\n<p>Exames feitos no Hospital Portugu\u00eas constataram que o deputado teve uma costela quebrada e far\u00e1 tratamento com medica\u00e7\u00e3o, sem necessidade de imobiliza\u00e7\u00e3o.<\/p>\n","protected":false},"excerpt":{"rendered":"<p>O deputado federal L\u00facio Vieira Lima (PMDB-BA) sofreu um acidente de carro na manh\u00e3 desta segunda-feira (12), na Avenida Centen\u00e1rio, em Salvador. Segundo o parlamentar, ele cochilou ao volante e colidiu com um posto. O ve\u00edculo ficou totalmente destru\u00eddo. Nas redes sociais, L\u00facio falou sobre a situa\u00e7\u00e3o e at\u00e9 fez uma ironia. \u201cGra\u00e7as a Deus, [&hellip;]<\/p>\n","protected":false},"author":2,"featured_media":65952,"comment_status":"open","ping_status":"open","sticky":false,"template":"","format":"standard","meta":{"footnotes":"","_links_to":"","_links_to_target":""},"categories":[1],"tags":[],"class_list":["post-65951","post","type-post","status-publish","format-standard","has-post-thumbnail","hentry","category-geral"],"views":2526,"_links":{"self":[{"href":"https:\/\/www.sudoestehoje.com.br\/novoportal\/wp-json\/wp\/v2\/posts\/65951","targetHints":{"allow":["GET"]}}],"collection":[{"href":"https:\/\/www.sudoestehoje.com.br\/novoportal\/wp-json\/wp\/v2\/posts"}],"about":[{"href":"https:\/\/www.sudoestehoje.com.br\/novoportal\/wp-json\/wp\/v2\/types\/post"}],"author":[{"embeddable":true,"href":"https:\/\/www.sudoestehoje.com.br\/novoportal\/wp-json\/wp\/v2\/users\/2"}],"replies":[{"embeddable":true,"href":"https:\/\/www.sudoestehoje.com.br\/novoportal\/wp-json\/wp\/v2\/comments?post=65951"}],"version-history":[{"count":1,"href":"https:\/\/www.sudoestehoje.com.br\/novoportal\/wp-json\/wp\/v2\/posts\/65951\/revisions"}],"predecessor-version":[{"id":65954,"href":"https:\/\/www.sudoestehoje.com.br\/novoportal\/wp-json\/wp\/v2\/posts\/65951\/revisions\/65954"}],"wp:featuredmedia":[{"embeddable":true,"href":"https:\/\/www.sudoestehoje.com.br\/novoportal\/wp-json\/wp\/v2\/media\/65952"}],"wp:attachment":[{"href":"https:\/\/www.sudoestehoje.com.br\/novoportal\/wp-json\/wp\/v2\/media?parent=65951"}],"wp:term":[{"taxonomy":"category","embeddable":true,"href":"https:\/\/www.sudoestehoje.com.br\/novoportal\/wp-json\/wp\/v2\/categories?post=65951"},{"taxonomy":"post_tag","embeddable":true,"href":"https:\/\/www.sudoestehoje.com.br\/novoportal\/wp-json\/wp\/v2\/tags?post=65951"}],"curies":[{"name":"wp","href":"https:\/\/api.w.org\/{rel}","templated":true}]}}