
{"id":65947,"date":"2017-06-12T13:49:31","date_gmt":"2017-06-12T16:49:31","guid":{"rendered":"http:\/\/www.sudoestehoje.com.br\/novoportal\/?p=65947"},"modified":"2017-06-12T13:49:31","modified_gmt":"2017-06-12T16:49:31","slug":"itapetinga-corpo-de-d-lita-e-finalmente-liberado-pelo-iml-para-sepultamento","status":"publish","type":"post","link":"https:\/\/www.sudoestehoje.com.br\/novoportal\/2017\/06\/12\/itapetinga-corpo-de-d-lita-e-finalmente-liberado-pelo-iml-para-sepultamento\/","title":{"rendered":"ITAPETINGA: CORPO DE D. LITA \u00c9 FINALMENTE LIBERADO PELO IML PARA SEPULTAMENTO"},"content":{"rendered":"<p><a href=\"http:\/\/www.sudoestehoje.com.br\/novoportal\/wp-content\/uploads\/2017\/06\/dona-lita.jpg\"><img loading=\"lazy\" decoding=\"async\" class=\"aligncenter  wp-image-65948\" src=\"http:\/\/www.sudoestehoje.com.br\/novoportal\/wp-content\/uploads\/2017\/06\/dona-lita.jpg\" alt=\"\" width=\"500\" height=\"376\" \/><\/a><\/p>\n<p>Depois de seis meses aguardando o seu reconhecimento atrav\u00e9s de um exame de DNA, pelo Instituto Nina Rodrigues, em Salvador, o corpo da idosa Nelita de Oliveira Melo, conhecida por &#8216;Dona Lita&#8217;, foi finalmente liberado para sepultamento, nesta segunda-feira (13).<\/p>\n<p>Dona Lita faleceu em um tr\u00e1gico inc\u00eandio em sua resid\u00eancia, na Rua Montes Claros, no dia 9 de dezembro do ano passado, mas seu corpo ficou totalmente carbonizado, impossibilitando o reconhecimento por familiares. Com isto, o DPT\/IML determinou a realiza\u00e7\u00e3o de exame de DNA para que o corpo fosse oficialmente reconhecido, como determina a lei.<\/p>\n<p>O corpo est\u00e1 sendo velado no Cerimonial Pax Perfei\u00e7\u00e3o, na Av. Cinquenten\u00e1rio, em Itapetinga, e o sepultamento est\u00e1 previsto para as 17h, no cemit\u00e9rio da pr\u00f3pria Pax, ao lado o Cemit\u00e9rio Municipal Parque da Eternidade, na Nova Itapetinga.<\/p>\n<p><strong><em>Por Davi Ferraz\u00a0<\/em><\/strong><\/p>\n","protected":false},"excerpt":{"rendered":"<p>Depois de seis meses aguardando o seu reconhecimento atrav\u00e9s de um exame de DNA, pelo Instituto Nina Rodrigues, em Salvador, o corpo da idosa Nelita de Oliveira Melo, conhecida por &#8216;Dona Lita&#8217;, foi finalmente liberado para sepultamento, nesta segunda-feira (13). Dona Lita faleceu em um tr\u00e1gico inc\u00eandio em sua resid\u00eancia, na Rua Montes Claros, no [&hellip;]<\/p>\n","protected":false},"author":2,"featured_media":65948,"comment_status":"open","ping_status":"open","sticky":false,"template":"","format":"standard","meta":{"footnotes":"","_links_to":"","_links_to_target":""},"categories":[1],"tags":[],"class_list":["post-65947","post","type-post","status-publish","format-standard","has-post-thumbnail","hentry","category-geral"],"views":2229,"_links":{"self":[{"href":"https:\/\/www.sudoestehoje.com.br\/novoportal\/wp-json\/wp\/v2\/posts\/65947","targetHints":{"allow":["GET"]}}],"collection":[{"href":"https:\/\/www.sudoestehoje.com.br\/novoportal\/wp-json\/wp\/v2\/posts"}],"about":[{"href":"https:\/\/www.sudoestehoje.com.br\/novoportal\/wp-json\/wp\/v2\/types\/post"}],"author":[{"embeddable":true,"href":"https:\/\/www.sudoestehoje.com.br\/novoportal\/wp-json\/wp\/v2\/users\/2"}],"replies":[{"embeddable":true,"href":"https:\/\/www.sudoestehoje.com.br\/novoportal\/wp-json\/wp\/v2\/comments?post=65947"}],"version-history":[{"count":2,"href":"https:\/\/www.sudoestehoje.com.br\/novoportal\/wp-json\/wp\/v2\/posts\/65947\/revisions"}],"predecessor-version":[{"id":65950,"href":"https:\/\/www.sudoestehoje.com.br\/novoportal\/wp-json\/wp\/v2\/posts\/65947\/revisions\/65950"}],"wp:featuredmedia":[{"embeddable":true,"href":"https:\/\/www.sudoestehoje.com.br\/novoportal\/wp-json\/wp\/v2\/media\/65948"}],"wp:attachment":[{"href":"https:\/\/www.sudoestehoje.com.br\/novoportal\/wp-json\/wp\/v2\/media?parent=65947"}],"wp:term":[{"taxonomy":"category","embeddable":true,"href":"https:\/\/www.sudoestehoje.com.br\/novoportal\/wp-json\/wp\/v2\/categories?post=65947"},{"taxonomy":"post_tag","embeddable":true,"href":"https:\/\/www.sudoestehoje.com.br\/novoportal\/wp-json\/wp\/v2\/tags?post=65947"}],"curies":[{"name":"wp","href":"https:\/\/api.w.org\/{rel}","templated":true}]}}