
{"id":6594,"date":"2011-07-09T11:17:28","date_gmt":"2011-07-09T14:17:28","guid":{"rendered":"http:\/\/www.sudoestehoje.com.br\/novoportal\/?p=6594"},"modified":"2011-07-09T11:17:28","modified_gmt":"2011-07-09T14:17:28","slug":"virou-motivo-de-piada","status":"publish","type":"post","link":"https:\/\/www.sudoestehoje.com.br\/novoportal\/2011\/07\/09\/virou-motivo-de-piada\/","title":{"rendered":"VIROU MOTIVO DE PIADA"},"content":{"rendered":"<p style=\"text-align: center;\"><a id=\"apf5\" href=\"http:\/\/www.google.com.br\/imgres?imgurl=http:\/\/www.soniamoura.com.br\/wp-content\/uploads\/2008\/10\/riso.jpg&amp;imgrefurl=http:\/\/www.soniamoura.com.br\/%3Fm%3D200810&amp;usg=__a6YVC8Nei9bxXySGcqOdphxDsPY=&amp;h=330&amp;w=400&amp;sz=30&amp;hl=pt-BR&amp;start=26&amp;zoom=1&amp;um=1&amp;itbs=1&amp;tbnid=TLtBP-qj35A5tM:&amp;tbnh=102&amp;tbnw=124&amp;prev=\/search%3Fq%3Drisada%2Bdesenho%26start%3D20%26um%3D1%26hl%3Dpt-BR%26sa%3DN%26rlz%3D1T4SKPB_pt-BRBR354BR359%26ndsp%3D20%26tbm%3Disch&amp;ei=x2IYTtD_KMytgQf4ppER\"><img loading=\"lazy\" decoding=\"async\" id=\"ipfTLtBP-qj35A5tM:\" class=\"aligncenter\" src=\"http:\/\/t1.gstatic.com\/images?q=tbn:ANd9GcQM5m7VntYhmVZ0jsU4jzfsSMF6ZFzF-etwi9jHQvRWzyDlbz_zphB3ZQ\" alt=\"\" width=\"124\" height=\"102\" \/><\/a><\/p>\n<p>Parei ontem em um posto de gasolina, para abastecer o meu carro todo empoeirado, e ouvi uma goza\u00e7\u00e3o de um dos frentistas, que me fez a seguinte pergunta: <em>&#8220;o senhor passou pela Vila?&#8221;<\/em> Entendendo o esp\u00edrito da brincadeira, expliquei para ele e outros funcion\u00e1rios do posto que a poeira n\u00e3o era da Vila, mas do Recanto da Colina, bairro onde moro. A\u00ed, veio logo outra goza\u00e7\u00e3o: <em>&#8220;mas n\u00e3o \u00e9 l\u00e1 que mora o prefeito?&#8221;<\/em> Respondi, afirmativamente, para a pequena pl\u00e9ia que n\u00e3o entendia o motivo do eterno abandono do &#8220;loteamento dos ricos&#8221;. Ao sair, um deles ainda me disse: <em>&#8220;se o prefeito n\u00e3o cal\u00e7a o bairro dele, vai cal\u00e7ar o nosso?<\/em> Fui obrigado a corcordar.<\/p>\n","protected":false},"excerpt":{"rendered":"<p>Parei ontem em um posto de gasolina, para abastecer o meu carro todo empoeirado, e ouvi uma goza\u00e7\u00e3o de um dos frentistas, que me fez a seguinte pergunta: &#8220;o senhor passou pela Vila?&#8221; Entendendo o esp\u00edrito da brincadeira, expliquei para ele e outros funcion\u00e1rios do posto que a poeira n\u00e3o era da Vila, mas do [&hellip;]<\/p>\n","protected":false},"author":2,"featured_media":0,"comment_status":"open","ping_status":"open","sticky":false,"template":"","format":"standard","meta":{"footnotes":"","_links_to":"","_links_to_target":""},"categories":[11],"tags":[],"class_list":["post-6594","post","type-post","status-publish","format-standard","hentry","category-quentinhas"],"views":1016,"_links":{"self":[{"href":"https:\/\/www.sudoestehoje.com.br\/novoportal\/wp-json\/wp\/v2\/posts\/6594","targetHints":{"allow":["GET"]}}],"collection":[{"href":"https:\/\/www.sudoestehoje.com.br\/novoportal\/wp-json\/wp\/v2\/posts"}],"about":[{"href":"https:\/\/www.sudoestehoje.com.br\/novoportal\/wp-json\/wp\/v2\/types\/post"}],"author":[{"embeddable":true,"href":"https:\/\/www.sudoestehoje.com.br\/novoportal\/wp-json\/wp\/v2\/users\/2"}],"replies":[{"embeddable":true,"href":"https:\/\/www.sudoestehoje.com.br\/novoportal\/wp-json\/wp\/v2\/comments?post=6594"}],"version-history":[{"count":2,"href":"https:\/\/www.sudoestehoje.com.br\/novoportal\/wp-json\/wp\/v2\/posts\/6594\/revisions"}],"predecessor-version":[{"id":6596,"href":"https:\/\/www.sudoestehoje.com.br\/novoportal\/wp-json\/wp\/v2\/posts\/6594\/revisions\/6596"}],"wp:attachment":[{"href":"https:\/\/www.sudoestehoje.com.br\/novoportal\/wp-json\/wp\/v2\/media?parent=6594"}],"wp:term":[{"taxonomy":"category","embeddable":true,"href":"https:\/\/www.sudoestehoje.com.br\/novoportal\/wp-json\/wp\/v2\/categories?post=6594"},{"taxonomy":"post_tag","embeddable":true,"href":"https:\/\/www.sudoestehoje.com.br\/novoportal\/wp-json\/wp\/v2\/tags?post=6594"}],"curies":[{"name":"wp","href":"https:\/\/api.w.org\/{rel}","templated":true}]}}