
{"id":65935,"date":"2017-06-12T11:12:31","date_gmt":"2017-06-12T14:12:31","guid":{"rendered":"http:\/\/www.sudoestehoje.com.br\/novoportal\/?p=65935"},"modified":"2017-06-12T11:18:18","modified_gmt":"2017-06-12T14:18:18","slug":"centro-comercial-de-itapetinga-esta-feio-e-precisa-ser-requalificado","status":"publish","type":"post","link":"https:\/\/www.sudoestehoje.com.br\/novoportal\/2017\/06\/12\/centro-comercial-de-itapetinga-esta-feio-e-precisa-ser-requalificado\/","title":{"rendered":"CENTRO COMERCIAL DE ITAPETINGA EST\u00c1 FEIO E PRECISA SER REQUALIFICADO"},"content":{"rendered":"<p><a href=\"http:\/\/www.sudoestehoje.com.br\/novoportal\/wp-content\/uploads\/2017\/06\/centro-2.jpg\"><img loading=\"lazy\" decoding=\"async\" class=\"aligncenter size-medium wp-image-65936\" src=\"http:\/\/www.sudoestehoje.com.br\/novoportal\/wp-content\/uploads\/2017\/06\/centro-2-500x300.jpg\" alt=\"\" width=\"500\" height=\"300\" srcset=\"https:\/\/www.sudoestehoje.com.br\/novoportal\/wp-content\/uploads\/2017\/06\/centro-2-500x300.jpg 500w, https:\/\/www.sudoestehoje.com.br\/novoportal\/wp-content\/uploads\/2017\/06\/centro-2-768x461.jpg 768w, https:\/\/www.sudoestehoje.com.br\/novoportal\/wp-content\/uploads\/2017\/06\/centro-2-700x420.jpg 700w, https:\/\/www.sudoestehoje.com.br\/novoportal\/wp-content\/uploads\/2017\/06\/centro-2.jpg 960w\" sizes=\"auto, (max-width: 500px) 100vw, 500px\" \/><\/a><\/p>\n<p>Apesar de Itapetinga ser uma cidade relativamente nova, o centro comercial da cidade envelheceu e precisa ser requalificado pela atual administra\u00e7\u00e3o municipal. N\u00e3o d\u00e1 para esperar mais. As cal\u00e7adas s\u00e3o estreitas e esburacadas, a pavimenta\u00e7\u00e3o de paralelos \u00e9 antiga e irregular, e a ilumina\u00e7\u00e3o ineficiente.<\/p>\n<p>A principal via p\u00fablica do centro da cidade, a Alameda Rui Barbosa, constru\u00edda na segunda gest\u00e3o do ent\u00e3o prefeito Jos\u00e9 Vaz Espinheira (1967 a 1970), est\u00e1 feira e esburacada, necessitando de pavimenta\u00e7\u00e3o moderna, ilumina\u00e7\u00e3o e outros equipamentos.<\/p>\n<p><a href=\"http:\/\/www.sudoestehoje.com.br\/novoportal\/wp-content\/uploads\/2017\/06\/centro-1.jpg\"><img loading=\"lazy\" decoding=\"async\" class=\"aligncenter size-medium wp-image-65937\" src=\"http:\/\/www.sudoestehoje.com.br\/novoportal\/wp-content\/uploads\/2017\/06\/centro-1-500x300.jpg\" alt=\"\" width=\"500\" height=\"300\" srcset=\"https:\/\/www.sudoestehoje.com.br\/novoportal\/wp-content\/uploads\/2017\/06\/centro-1-500x300.jpg 500w, https:\/\/www.sudoestehoje.com.br\/novoportal\/wp-content\/uploads\/2017\/06\/centro-1-768x461.jpg 768w, https:\/\/www.sudoestehoje.com.br\/novoportal\/wp-content\/uploads\/2017\/06\/centro-1-700x420.jpg 700w, https:\/\/www.sudoestehoje.com.br\/novoportal\/wp-content\/uploads\/2017\/06\/centro-1.jpg 960w\" sizes=\"auto, (max-width: 500px) 100vw, 500px\" \/><\/a><\/p>\n<p>As ruas Bar\u00e3o do Rio Branco, Jos\u00e9 Bonif\u00e1cio e Jo\u00e3o Pessoa necessitam de cal\u00e7adas mais largas e pavimenta\u00e7\u00e3o asf\u00e1ltica, nos moldes das grandes cidade da Bahia, onde ruas estreitas est\u00e3o sendo transformadas em alamedas e cal\u00e7adas alargadas, privilegiando os pedestres, e n\u00e3o os autom\u00f3veis.<\/p>\n<p>Para se ter uma ideia do desperd\u00edcio de espa\u00e7o nesses tr\u00eas logradouros, existem vagas de estacionamento para apenas 30 autom\u00f3veis, enquanto centenas de pessoas que por eles circulam t\u00eam que se retorcer entre postes, carros e paredes, para transitarem sem qualquer seguran\u00e7a nas estreitas cal\u00e7adas.<\/p>\n<p><a href=\"http:\/\/www.sudoestehoje.com.br\/novoportal\/wp-content\/uploads\/2017\/06\/centro-3.jpg\"><img loading=\"lazy\" decoding=\"async\" class=\"aligncenter size-medium wp-image-65938\" src=\"http:\/\/www.sudoestehoje.com.br\/novoportal\/wp-content\/uploads\/2017\/06\/centro-3-500x300.jpg\" alt=\"\" width=\"500\" height=\"300\" srcset=\"https:\/\/www.sudoestehoje.com.br\/novoportal\/wp-content\/uploads\/2017\/06\/centro-3-500x300.jpg 500w, https:\/\/www.sudoestehoje.com.br\/novoportal\/wp-content\/uploads\/2017\/06\/centro-3-768x461.jpg 768w, https:\/\/www.sudoestehoje.com.br\/novoportal\/wp-content\/uploads\/2017\/06\/centro-3-700x420.jpg 700w, https:\/\/www.sudoestehoje.com.br\/novoportal\/wp-content\/uploads\/2017\/06\/centro-3.jpg 960w\" sizes=\"auto, (max-width: 500px) 100vw, 500px\" \/><\/a><\/p>\n<p>A Pra\u00e7a Augusto de Carvalho, que chegou a ser requalificada na gest\u00e3o do ex-prefeito Jos\u00e9 Ot\u00e1vio Curvelo, tamb\u00e9m necessita de reforma para se adequar \u00e0 nova realidade por que passa o com\u00e9rcio, sempre \u00e1vido por consumidores, que muitas vezes o evitam por falta de espa\u00e7o e conforto.<\/p>\n<p>Ruas como a JJ Seabra, 7 de Setembro, Santos Dumont e D. Pedro II t\u00eam que ser asfaltadas, enquanto a Pra\u00e7a da B\u00edblia precisa ser repensada, para ter melhor serventia ao com\u00e9rcio local, que necessita se expandir. Um terminal de \u00f4nibus no local traria, talvez, mais conforto \u00e0 popula\u00e7\u00e3o, e movimentaria as lojas da pra\u00e7a, que vivem entregues \u00e0s moscas.<\/p>\n<p>\u00c9 uma proposta para se pensar&#8230;<\/p>\n<p><em><strong>Por Davi Ferraz\u00a0<\/strong><\/em><\/p>\n<p><img decoding=\"async\" src=\"http:\/\/www.sudoestehoje.com.br\/novoportal\/wp-content\/uploads\/2017\/05\/CRISTO-PLANSERV-500x167.jpg\" \/><\/p>\n","protected":false},"excerpt":{"rendered":"<p>Apesar de Itapetinga ser uma cidade relativamente nova, o centro comercial da cidade envelheceu e precisa ser requalificado pela atual administra\u00e7\u00e3o municipal. N\u00e3o d\u00e1 para esperar mais. As cal\u00e7adas s\u00e3o estreitas e esburacadas, a pavimenta\u00e7\u00e3o de paralelos \u00e9 antiga e irregular, e a ilumina\u00e7\u00e3o ineficiente. A principal via p\u00fablica do centro da cidade, a Alameda [&hellip;]<\/p>\n","protected":false},"author":2,"featured_media":65936,"comment_status":"open","ping_status":"open","sticky":false,"template":"","format":"standard","meta":{"footnotes":"","_links_to":"","_links_to_target":""},"categories":[1],"tags":[],"class_list":["post-65935","post","type-post","status-publish","format-standard","has-post-thumbnail","hentry","category-geral"],"views":3651,"_links":{"self":[{"href":"https:\/\/www.sudoestehoje.com.br\/novoportal\/wp-json\/wp\/v2\/posts\/65935","targetHints":{"allow":["GET"]}}],"collection":[{"href":"https:\/\/www.sudoestehoje.com.br\/novoportal\/wp-json\/wp\/v2\/posts"}],"about":[{"href":"https:\/\/www.sudoestehoje.com.br\/novoportal\/wp-json\/wp\/v2\/types\/post"}],"author":[{"embeddable":true,"href":"https:\/\/www.sudoestehoje.com.br\/novoportal\/wp-json\/wp\/v2\/users\/2"}],"replies":[{"embeddable":true,"href":"https:\/\/www.sudoestehoje.com.br\/novoportal\/wp-json\/wp\/v2\/comments?post=65935"}],"version-history":[{"count":4,"href":"https:\/\/www.sudoestehoje.com.br\/novoportal\/wp-json\/wp\/v2\/posts\/65935\/revisions"}],"predecessor-version":[{"id":65942,"href":"https:\/\/www.sudoestehoje.com.br\/novoportal\/wp-json\/wp\/v2\/posts\/65935\/revisions\/65942"}],"wp:featuredmedia":[{"embeddable":true,"href":"https:\/\/www.sudoestehoje.com.br\/novoportal\/wp-json\/wp\/v2\/media\/65936"}],"wp:attachment":[{"href":"https:\/\/www.sudoestehoje.com.br\/novoportal\/wp-json\/wp\/v2\/media?parent=65935"}],"wp:term":[{"taxonomy":"category","embeddable":true,"href":"https:\/\/www.sudoestehoje.com.br\/novoportal\/wp-json\/wp\/v2\/categories?post=65935"},{"taxonomy":"post_tag","embeddable":true,"href":"https:\/\/www.sudoestehoje.com.br\/novoportal\/wp-json\/wp\/v2\/tags?post=65935"}],"curies":[{"name":"wp","href":"https:\/\/api.w.org\/{rel}","templated":true}]}}