
{"id":65930,"date":"2017-06-12T10:01:32","date_gmt":"2017-06-12T13:01:32","guid":{"rendered":"http:\/\/www.sudoestehoje.com.br\/novoportal\/?p=65930"},"modified":"2017-06-12T10:01:32","modified_gmt":"2017-06-12T13:01:32","slug":"senado-ignora-supremo-e-mantem-aecio-na-lista-dos-senadores-em-exercicio","status":"publish","type":"post","link":"https:\/\/www.sudoestehoje.com.br\/novoportal\/2017\/06\/12\/senado-ignora-supremo-e-mantem-aecio-na-lista-dos-senadores-em-exercicio\/","title":{"rendered":"SENADO IGNORA SUPREMO E MANT\u00c9M A\u00c9CIO NA LISTA DOS SENADORES EM EXERC\u00cdCIO"},"content":{"rendered":"<p><a href=\"http:\/\/www.sudoestehoje.com.br\/novoportal\/wp-content\/uploads\/2017\/06\/aecio.jpg\"><img loading=\"lazy\" decoding=\"async\" class=\"aligncenter size-medium wp-image-65933\" src=\"http:\/\/www.sudoestehoje.com.br\/novoportal\/wp-content\/uploads\/2017\/06\/aecio-500x322.jpg\" alt=\"\" width=\"500\" height=\"322\" srcset=\"https:\/\/www.sudoestehoje.com.br\/novoportal\/wp-content\/uploads\/2017\/06\/aecio-500x322.jpg 500w, https:\/\/www.sudoestehoje.com.br\/novoportal\/wp-content\/uploads\/2017\/06\/aecio.jpg 700w\" sizes=\"auto, (max-width: 500px) 100vw, 500px\" \/><\/a><\/p>\n<p>O Senado Federal descumpre h\u00e1 20 dias a decis\u00e3o do Supremo Tribunal Federal (STF) de afastar o senador A\u00e9cio Neves (PSDB-MG) das fun\u00e7\u00f5es parlamentares. O nome do tucano ainda aparece na lista de senadores em exerc\u00edcio no site da Casa e no painel de vota\u00e7\u00e3o.<\/p>\n<p>De acordo com a Folha, o gabinete de A\u00e9cio tamb\u00e9m tem funcionado normalmente. Se comparecesse a uma sess\u00e3o, ele estaria apto a votar. O presidente do Senado, Eun\u00edcio Oliveira (PMDB-CE), n\u00e3o se manifestou sobre a quest\u00e3o.\u00a0A Mesa do Senado ainda n\u00e3o debateu o tema, embora alguns senadores tenham pedido reuni\u00e3o do colegiado a Eun\u00edcio. Na pr\u00f3xima semana pode haver uma reuni\u00e3o do colegiado sobre o assunto.<\/p>\n<p>Na decis\u00e3o de 17 de maio, o ministro Edson Fachin, relator da Opera\u00e7\u00e3o Lava Jato no Supremo, determinou que A\u00e9cio fosse suspenso das fun\u00e7\u00f5es parlamentares e de qualquer outra fun\u00e7\u00e3o p\u00fablica, impedindo-o tamb\u00e9m de encontrar r\u00e9us ou investigados e de deixar o pa\u00eds.<\/p>\n<p>A assessoria do tucano disse que ele est\u00e1 afastado de suas fun\u00e7\u00f5es legislativas, conforme decis\u00e3o de Fachin. N\u00e3o se sabe ainda se A\u00e9cio continuar\u00e1 recebendo sua remunera\u00e7\u00e3o de R$ 33.763 e os demais benef\u00edcios.<\/p>\n<p><img decoding=\"async\" src=\"http:\/\/www.sudoestehoje.com.br\/novoportal\/wp-content\/uploads\/2014\/12\/skala-novo.jpg\" alt=\"Resultado de imagem para skala modas itapetinga\" \/><\/p>\n","protected":false},"excerpt":{"rendered":"<p>O Senado Federal descumpre h\u00e1 20 dias a decis\u00e3o do Supremo Tribunal Federal (STF) de afastar o senador A\u00e9cio Neves (PSDB-MG) das fun\u00e7\u00f5es parlamentares. O nome do tucano ainda aparece na lista de senadores em exerc\u00edcio no site da Casa e no painel de vota\u00e7\u00e3o. De acordo com a Folha, o gabinete de A\u00e9cio tamb\u00e9m [&hellip;]<\/p>\n","protected":false},"author":2,"featured_media":65933,"comment_status":"open","ping_status":"open","sticky":false,"template":"","format":"standard","meta":{"footnotes":"","_links_to":"","_links_to_target":""},"categories":[1],"tags":[],"class_list":["post-65930","post","type-post","status-publish","format-standard","has-post-thumbnail","hentry","category-geral"],"views":1256,"_links":{"self":[{"href":"https:\/\/www.sudoestehoje.com.br\/novoportal\/wp-json\/wp\/v2\/posts\/65930","targetHints":{"allow":["GET"]}}],"collection":[{"href":"https:\/\/www.sudoestehoje.com.br\/novoportal\/wp-json\/wp\/v2\/posts"}],"about":[{"href":"https:\/\/www.sudoestehoje.com.br\/novoportal\/wp-json\/wp\/v2\/types\/post"}],"author":[{"embeddable":true,"href":"https:\/\/www.sudoestehoje.com.br\/novoportal\/wp-json\/wp\/v2\/users\/2"}],"replies":[{"embeddable":true,"href":"https:\/\/www.sudoestehoje.com.br\/novoportal\/wp-json\/wp\/v2\/comments?post=65930"}],"version-history":[{"count":3,"href":"https:\/\/www.sudoestehoje.com.br\/novoportal\/wp-json\/wp\/v2\/posts\/65930\/revisions"}],"predecessor-version":[{"id":65934,"href":"https:\/\/www.sudoestehoje.com.br\/novoportal\/wp-json\/wp\/v2\/posts\/65930\/revisions\/65934"}],"wp:featuredmedia":[{"embeddable":true,"href":"https:\/\/www.sudoestehoje.com.br\/novoportal\/wp-json\/wp\/v2\/media\/65933"}],"wp:attachment":[{"href":"https:\/\/www.sudoestehoje.com.br\/novoportal\/wp-json\/wp\/v2\/media?parent=65930"}],"wp:term":[{"taxonomy":"category","embeddable":true,"href":"https:\/\/www.sudoestehoje.com.br\/novoportal\/wp-json\/wp\/v2\/categories?post=65930"},{"taxonomy":"post_tag","embeddable":true,"href":"https:\/\/www.sudoestehoje.com.br\/novoportal\/wp-json\/wp\/v2\/tags?post=65930"}],"curies":[{"name":"wp","href":"https:\/\/api.w.org\/{rel}","templated":true}]}}