
{"id":65918,"date":"2017-06-12T06:00:31","date_gmt":"2017-06-12T09:00:31","guid":{"rendered":"http:\/\/www.sudoestehoje.com.br\/novoportal\/?p=65918"},"modified":"2017-06-11T22:20:01","modified_gmt":"2017-06-12T01:20:01","slug":"denuncia-farra-dos-alvaras-de-taxi-precisa-ser-investigada-em-itapetinga","status":"publish","type":"post","link":"https:\/\/www.sudoestehoje.com.br\/novoportal\/2017\/06\/12\/denuncia-farra-dos-alvaras-de-taxi-precisa-ser-investigada-em-itapetinga\/","title":{"rendered":"AL\u00d4 COMUTRAN! FARRA DOS ALVAR\u00c1S DE TAXI PRECISA SER INVESTIGADA EM ITAPETINGA"},"content":{"rendered":"<p><a href=\"http:\/\/www.sudoestehoje.com.br\/novoportal\/wp-content\/uploads\/2017\/06\/taxi_ub.jpg\"><img loading=\"lazy\" decoding=\"async\" class=\"aligncenter wp-image-65919\" src=\"http:\/\/www.sudoestehoje.com.br\/novoportal\/wp-content\/uploads\/2017\/06\/taxi_ub.jpg\" alt=\"\" width=\"500\" height=\"281\" \/><\/a><\/p>\n<p>Quem anda atento pelas ruas de Itapetinga \u00e9 f\u00e1cil notar a presen\u00e7a de carr\u00f5es com placas vermelhas servindo como ve\u00edculos de passeio, quando deveriam estar rodando como taxis, conforme manda a lei.\u00a0Calcula-se que cerca de 230 ve\u00edculos nesta condi\u00e7\u00e3o foram emplacados no munic\u00edpio, atrav\u00e9s de alvar\u00e1s concedidos pelo poder p\u00fablico municipal, na gest\u00e3o passada. De acordo com os verdadeiros taxista, cerca de 80 atuam efetivamente, enquanto que o restante \u00e9 fruto de fraude.<\/p>\n<p>Esses alvar\u00e1s, segundo informa\u00e7\u00f5es colhidas pelo Sudoeste Hoje, foram emitidos nos \u00faltimos 8 anos por gestores inescrupulosos em favor de pessoas que n\u00e3o queriam atuar como taxistas, mas, apenas, sonegar impostos na compra de ve\u00edculos, quase sempre de luxo, aproveitando-se das isen\u00e7\u00f5es de IPI e ICMS concedidos aos verdadeiros taxistas.<\/p>\n<p>Com as isen\u00e7\u00f5es concedidas aos taxistas, por lei, o pre\u00e7o de um autom\u00f3vel pode diminuir em at\u00e9 30%, a depender do modelo, facilidade que atrai aproveitadores e gestores corruptos que facilitam a mamata em troca de propina.<\/p>\n<p>O derrame de alvar\u00e1s de taxi em Itapetinga, institu\u00eddo e fomentado por ex-gestores da Comutran, nos \u00faltimos anos, \u00e9 uma chaga vergonhosa que precisa ser extirpada pelos atuais gestores, sob pena de toler\u00e2ncia e coniv\u00eancia com o mal feito.<\/p>\n<p>Apenas para servir de par\u00e2metro, em Vit\u00f3ria da Conquista, cuja popula\u00e7\u00e3o 5 vezes maior que a de Itapetinga, cerca de 170 alvar\u00e1s de taxi est\u00e3o ativos, sob r\u00edgida fiscaliza\u00e7\u00e3o.<\/p>\n<p>Em Itabuna e Eun\u00e1polis, o Minist\u00e9rio P\u00fablico Federal mandou os prefeitos cassarem os falsos alvar\u00e1s e enquadrar os possuidores desses ve\u00edculos como sonegadores, o que tamb\u00e9m poder\u00e1 ocorrer em Itapetinga, caso haja alguma den\u00fancia junto ao MPF ou \u00e0 PF.<\/p>\n<p>A hora \u00e9 de agir, n\u00e3o d\u00e1 mais para esperar.<\/p>\n<p><strong><em>Por Davi Ferraz\u00a0<\/em><\/strong><\/p>\n","protected":false},"excerpt":{"rendered":"<p>Quem anda atento pelas ruas de Itapetinga \u00e9 f\u00e1cil notar a presen\u00e7a de carr\u00f5es com placas vermelhas servindo como ve\u00edculos de passeio, quando deveriam estar rodando como taxis, conforme manda a lei.\u00a0Calcula-se que cerca de 230 ve\u00edculos nesta condi\u00e7\u00e3o foram emplacados no munic\u00edpio, atrav\u00e9s de alvar\u00e1s concedidos pelo poder p\u00fablico municipal, na gest\u00e3o passada. De [&hellip;]<\/p>\n","protected":false},"author":2,"featured_media":65919,"comment_status":"open","ping_status":"open","sticky":false,"template":"","format":"standard","meta":{"footnotes":"","_links_to":"","_links_to_target":""},"categories":[1],"tags":[],"class_list":["post-65918","post","type-post","status-publish","format-standard","has-post-thumbnail","hentry","category-geral"],"views":2344,"_links":{"self":[{"href":"https:\/\/www.sudoestehoje.com.br\/novoportal\/wp-json\/wp\/v2\/posts\/65918","targetHints":{"allow":["GET"]}}],"collection":[{"href":"https:\/\/www.sudoestehoje.com.br\/novoportal\/wp-json\/wp\/v2\/posts"}],"about":[{"href":"https:\/\/www.sudoestehoje.com.br\/novoportal\/wp-json\/wp\/v2\/types\/post"}],"author":[{"embeddable":true,"href":"https:\/\/www.sudoestehoje.com.br\/novoportal\/wp-json\/wp\/v2\/users\/2"}],"replies":[{"embeddable":true,"href":"https:\/\/www.sudoestehoje.com.br\/novoportal\/wp-json\/wp\/v2\/comments?post=65918"}],"version-history":[{"count":7,"href":"https:\/\/www.sudoestehoje.com.br\/novoportal\/wp-json\/wp\/v2\/posts\/65918\/revisions"}],"predecessor-version":[{"id":65924,"href":"https:\/\/www.sudoestehoje.com.br\/novoportal\/wp-json\/wp\/v2\/posts\/65918\/revisions\/65924"}],"wp:featuredmedia":[{"embeddable":true,"href":"https:\/\/www.sudoestehoje.com.br\/novoportal\/wp-json\/wp\/v2\/media\/65919"}],"wp:attachment":[{"href":"https:\/\/www.sudoestehoje.com.br\/novoportal\/wp-json\/wp\/v2\/media?parent=65918"}],"wp:term":[{"taxonomy":"category","embeddable":true,"href":"https:\/\/www.sudoestehoje.com.br\/novoportal\/wp-json\/wp\/v2\/categories?post=65918"},{"taxonomy":"post_tag","embeddable":true,"href":"https:\/\/www.sudoestehoje.com.br\/novoportal\/wp-json\/wp\/v2\/tags?post=65918"}],"curies":[{"name":"wp","href":"https:\/\/api.w.org\/{rel}","templated":true}]}}