
{"id":65915,"date":"2017-06-11T18:59:23","date_gmt":"2017-06-11T21:59:23","guid":{"rendered":"http:\/\/www.sudoestehoje.com.br\/novoportal\/?p=65915"},"modified":"2017-06-11T18:59:23","modified_gmt":"2017-06-11T21:59:23","slug":"justica-tj-ba-estuda-fusao-entre-foruns-de-municipios-proximos","status":"publish","type":"post","link":"https:\/\/www.sudoestehoje.com.br\/novoportal\/2017\/06\/11\/justica-tj-ba-estuda-fusao-entre-foruns-de-municipios-proximos\/","title":{"rendered":"JUSTI\u00c7A: TJ-BA ESTUDA FUS\u00c3O ENTRE F\u00d3RUNS DE MUNIC\u00cdPIOS PR\u00d3XIMOS"},"content":{"rendered":"<p><a href=\"http:\/\/www.sudoestehoje.com.br\/novoportal\/wp-content\/uploads\/2017\/06\/Forum-1-1.jpg\"><img loading=\"lazy\" decoding=\"async\" class=\"aligncenter size-medium wp-image-65916\" src=\"http:\/\/www.sudoestehoje.com.br\/novoportal\/wp-content\/uploads\/2017\/06\/Forum-1-1-500x332.jpg\" alt=\"\" width=\"500\" height=\"332\" srcset=\"https:\/\/www.sudoestehoje.com.br\/novoportal\/wp-content\/uploads\/2017\/06\/Forum-1-1-500x332.jpg 500w, https:\/\/www.sudoestehoje.com.br\/novoportal\/wp-content\/uploads\/2017\/06\/Forum-1-1-768x510.jpg 768w, https:\/\/www.sudoestehoje.com.br\/novoportal\/wp-content\/uploads\/2017\/06\/Forum-1-1-700x465.jpg 700w, https:\/\/www.sudoestehoje.com.br\/novoportal\/wp-content\/uploads\/2017\/06\/Forum-1-1.jpg 2000w\" sizes=\"auto, (max-width: 500px) 100vw, 500px\" \/><\/a><\/p>\n<p>Ap\u00f3s definir a exclus\u00e3o de comarcas no interior do estado, o Tribunal de Justi\u00e7a da Bahia (TJ-BA) estuda tamb\u00e9m a fus\u00e3o entre f\u00f3runs de munic\u00edpios pr\u00f3ximos. A Sat\u00e9lite publicou na \u00faltima quinta que o TJ-BA j\u00e1 concluiu uma lista preliminar com 49 comarcas que dever\u00e3o ser desativadas no estado visando o corte de gastos. A fus\u00e3o \u00e9 mais uma medida cogitada neste sentido e vem sendo tratada nas reuni\u00f5es di\u00e1rias para discutir o assunto. A Corte, no entanto, nega defini\u00e7\u00f5es sobre a desativa\u00e7\u00e3o. Ainda n\u00e3o h\u00e1 um n\u00famero estimado de f\u00f3runs que poder\u00e3o ser integrados, mas uma das possibilidades estudadas \u00e9 que, por exemplo, a comarca de Concei\u00e7\u00e3o do Almeida tenha sua demanda absorvida pela de S\u00e3o Felipe \u2013 os dois munic\u00edpios s\u00e3o vizinhos.<\/p>\n<p><strong>Na bronca<\/strong><\/p>\n<p>Al\u00e9m dos prefeitos e deputados, quem tamb\u00e9m n\u00e3o est\u00e1 gostando nada da medida s\u00e3o os servidores. Com fechamento ou fus\u00e3o de comarcas, os funcion\u00e1rios devem ser redirecionados a outros munic\u00edpios, o que tem levado a protestos deles no interior. \u201cMuitos j\u00e1 t\u00eam a vida estruturada nos munic\u00edpios e ter\u00e3o que ir para outros. Isso \u00e9 um desservi\u00e7o para eles e para a popula\u00e7\u00e3o\u201d, reclama o presidente do Sindicato dos Sevidores do Judici\u00e1rio, Zenildo Castro. \/\/\u00a0<em>Texto da Coluna Sat\u00e9lite, do Jornal Correio<\/em><\/p>\n","protected":false},"excerpt":{"rendered":"<p>Ap\u00f3s definir a exclus\u00e3o de comarcas no interior do estado, o Tribunal de Justi\u00e7a da Bahia (TJ-BA) estuda tamb\u00e9m a fus\u00e3o entre f\u00f3runs de munic\u00edpios pr\u00f3ximos. A Sat\u00e9lite publicou na \u00faltima quinta que o TJ-BA j\u00e1 concluiu uma lista preliminar com 49 comarcas que dever\u00e3o ser desativadas no estado visando o corte de gastos. A [&hellip;]<\/p>\n","protected":false},"author":2,"featured_media":65916,"comment_status":"open","ping_status":"open","sticky":false,"template":"","format":"standard","meta":{"footnotes":"","_links_to":"","_links_to_target":""},"categories":[1],"tags":[],"class_list":["post-65915","post","type-post","status-publish","format-standard","has-post-thumbnail","hentry","category-geral"],"views":1298,"_links":{"self":[{"href":"https:\/\/www.sudoestehoje.com.br\/novoportal\/wp-json\/wp\/v2\/posts\/65915","targetHints":{"allow":["GET"]}}],"collection":[{"href":"https:\/\/www.sudoestehoje.com.br\/novoportal\/wp-json\/wp\/v2\/posts"}],"about":[{"href":"https:\/\/www.sudoestehoje.com.br\/novoportal\/wp-json\/wp\/v2\/types\/post"}],"author":[{"embeddable":true,"href":"https:\/\/www.sudoestehoje.com.br\/novoportal\/wp-json\/wp\/v2\/users\/2"}],"replies":[{"embeddable":true,"href":"https:\/\/www.sudoestehoje.com.br\/novoportal\/wp-json\/wp\/v2\/comments?post=65915"}],"version-history":[{"count":1,"href":"https:\/\/www.sudoestehoje.com.br\/novoportal\/wp-json\/wp\/v2\/posts\/65915\/revisions"}],"predecessor-version":[{"id":65917,"href":"https:\/\/www.sudoestehoje.com.br\/novoportal\/wp-json\/wp\/v2\/posts\/65915\/revisions\/65917"}],"wp:featuredmedia":[{"embeddable":true,"href":"https:\/\/www.sudoestehoje.com.br\/novoportal\/wp-json\/wp\/v2\/media\/65916"}],"wp:attachment":[{"href":"https:\/\/www.sudoestehoje.com.br\/novoportal\/wp-json\/wp\/v2\/media?parent=65915"}],"wp:term":[{"taxonomy":"category","embeddable":true,"href":"https:\/\/www.sudoestehoje.com.br\/novoportal\/wp-json\/wp\/v2\/categories?post=65915"},{"taxonomy":"post_tag","embeddable":true,"href":"https:\/\/www.sudoestehoje.com.br\/novoportal\/wp-json\/wp\/v2\/tags?post=65915"}],"curies":[{"name":"wp","href":"https:\/\/api.w.org\/{rel}","templated":true}]}}