
{"id":65909,"date":"2017-06-10T21:51:57","date_gmt":"2017-06-11T00:51:57","guid":{"rendered":"http:\/\/www.sudoestehoje.com.br\/novoportal\/?p=65909"},"modified":"2017-06-10T21:51:57","modified_gmt":"2017-06-11T00:51:57","slug":"morre-adam-west-ator-americano-que-interpretou-primeiro-batman-na-tv","status":"publish","type":"post","link":"https:\/\/www.sudoestehoje.com.br\/novoportal\/2017\/06\/10\/morre-adam-west-ator-americano-que-interpretou-primeiro-batman-na-tv\/","title":{"rendered":"MORRE ADAM WEST, ATOR AMERICANO QUE INTERPRETOU PRIMEIRO BATMAN NA TV"},"content":{"rendered":"<p><a href=\"http:\/\/www.sudoestehoje.com.br\/novoportal\/wp-content\/uploads\/2017\/06\/BATMAN.jpeg\"><img loading=\"lazy\" decoding=\"async\" class=\"aligncenter size-medium wp-image-65910\" src=\"http:\/\/www.sudoestehoje.com.br\/novoportal\/wp-content\/uploads\/2017\/06\/BATMAN-500x316.jpeg\" alt=\"\" width=\"500\" height=\"316\" srcset=\"https:\/\/www.sudoestehoje.com.br\/novoportal\/wp-content\/uploads\/2017\/06\/BATMAN-500x316.jpeg 500w, https:\/\/www.sudoestehoje.com.br\/novoportal\/wp-content\/uploads\/2017\/06\/BATMAN-700x442.jpeg 700w, https:\/\/www.sudoestehoje.com.br\/novoportal\/wp-content\/uploads\/2017\/06\/BATMAN.jpeg 750w\" sizes=\"auto, (max-width: 500px) 100vw, 500px\" \/><\/a><\/p>\n<p>O ator norte-americano Adam West, que interpretou o super-her\u00f3i &#8220;Batman&#8221; na s\u00e9rie de TV americana, entre os anos de 1966 e 1968, morreu nesta sexta-feira, 9, aos 88 anos.<\/p>\n<p><a href=\"http:\/\/www.sudoestehoje.com.br\/novoportal\/wp-content\/uploads\/2017\/06\/adam-west-getty.jpg\"><img loading=\"lazy\" decoding=\"async\" class=\"aligncenter size-medium wp-image-65911\" src=\"http:\/\/www.sudoestehoje.com.br\/novoportal\/wp-content\/uploads\/2017\/06\/adam-west-getty-500x281.jpg\" alt=\"\" width=\"500\" height=\"281\" srcset=\"https:\/\/www.sudoestehoje.com.br\/novoportal\/wp-content\/uploads\/2017\/06\/adam-west-getty-500x281.jpg 500w, https:\/\/www.sudoestehoje.com.br\/novoportal\/wp-content\/uploads\/2017\/06\/adam-west-getty.jpg 620w\" sizes=\"auto, (max-width: 500px) 100vw, 500px\" \/><\/a><\/p>\n<p>De acordo com informa\u00e7\u00f5es da Folha de S\u00e3o Paulo, Adam West morreu ap\u00f3s lutar contra uma leucemia. A not\u00edcia foi divulgada por meio de um comunicado no Twitter oficial do ator.<\/p>\n<p><a href=\"http:\/\/www.sudoestehoje.com.br\/novoportal\/wp-content\/uploads\/2017\/06\/adam_west_portrait.jpg\"><img loading=\"lazy\" decoding=\"async\" class=\"aligncenter  wp-image-65912\" src=\"http:\/\/www.sudoestehoje.com.br\/novoportal\/wp-content\/uploads\/2017\/06\/adam_west_portrait.jpg\" alt=\"\" width=\"500\" height=\"281\" \/><\/a><\/p>\n<p>&#8220;Nosso amado Adam West morreu na \u00faltima noite. Ele era grandioso. Sentiremos uma incr\u00edvel falta dele. N\u00f3s sabemos que voc\u00eas sentir\u00e3o sua falta tamb\u00e9m.&#8221;\u00a0West era casado com Marcelle desde 1972 e deixou seis filhos, quatro netos e dois bisnetos.<\/p>\n<p>https:\/\/www.youtube.com\/watch?v=XY_KZu-tnPk<\/p>\n","protected":false},"excerpt":{"rendered":"<p>O ator norte-americano Adam West, que interpretou o super-her\u00f3i &#8220;Batman&#8221; na s\u00e9rie de TV americana, entre os anos de 1966 e 1968, morreu nesta sexta-feira, 9, aos 88 anos. De acordo com informa\u00e7\u00f5es da Folha de S\u00e3o Paulo, Adam West morreu ap\u00f3s lutar contra uma leucemia. A not\u00edcia foi divulgada por meio de um comunicado [&hellip;]<\/p>\n","protected":false},"author":2,"featured_media":65910,"comment_status":"open","ping_status":"open","sticky":false,"template":"","format":"standard","meta":{"footnotes":"","_links_to":"","_links_to_target":""},"categories":[1],"tags":[],"class_list":["post-65909","post","type-post","status-publish","format-standard","has-post-thumbnail","hentry","category-geral"],"views":2480,"_links":{"self":[{"href":"https:\/\/www.sudoestehoje.com.br\/novoportal\/wp-json\/wp\/v2\/posts\/65909","targetHints":{"allow":["GET"]}}],"collection":[{"href":"https:\/\/www.sudoestehoje.com.br\/novoportal\/wp-json\/wp\/v2\/posts"}],"about":[{"href":"https:\/\/www.sudoestehoje.com.br\/novoportal\/wp-json\/wp\/v2\/types\/post"}],"author":[{"embeddable":true,"href":"https:\/\/www.sudoestehoje.com.br\/novoportal\/wp-json\/wp\/v2\/users\/2"}],"replies":[{"embeddable":true,"href":"https:\/\/www.sudoestehoje.com.br\/novoportal\/wp-json\/wp\/v2\/comments?post=65909"}],"version-history":[{"count":2,"href":"https:\/\/www.sudoestehoje.com.br\/novoportal\/wp-json\/wp\/v2\/posts\/65909\/revisions"}],"predecessor-version":[{"id":65914,"href":"https:\/\/www.sudoestehoje.com.br\/novoportal\/wp-json\/wp\/v2\/posts\/65909\/revisions\/65914"}],"wp:featuredmedia":[{"embeddable":true,"href":"https:\/\/www.sudoestehoje.com.br\/novoportal\/wp-json\/wp\/v2\/media\/65910"}],"wp:attachment":[{"href":"https:\/\/www.sudoestehoje.com.br\/novoportal\/wp-json\/wp\/v2\/media?parent=65909"}],"wp:term":[{"taxonomy":"category","embeddable":true,"href":"https:\/\/www.sudoestehoje.com.br\/novoportal\/wp-json\/wp\/v2\/categories?post=65909"},{"taxonomy":"post_tag","embeddable":true,"href":"https:\/\/www.sudoestehoje.com.br\/novoportal\/wp-json\/wp\/v2\/tags?post=65909"}],"curies":[{"name":"wp","href":"https:\/\/api.w.org\/{rel}","templated":true}]}}