
{"id":65894,"date":"2017-06-10T20:39:24","date_gmt":"2017-06-10T23:39:24","guid":{"rendered":"http:\/\/www.sudoestehoje.com.br\/novoportal\/?p=65894"},"modified":"2017-06-10T20:46:32","modified_gmt":"2017-06-10T23:46:32","slug":"macarani-alunos-de-cursos-noturnos-terao-transporte-escolar","status":"publish","type":"post","link":"https:\/\/www.sudoestehoje.com.br\/novoportal\/2017\/06\/10\/macarani-alunos-de-cursos-noturnos-terao-transporte-escolar\/","title":{"rendered":"MACARANI: ALUNOS DE CURSOS NOTURNOS TER\u00c3O TRANSPORTE ESCOLAR"},"content":{"rendered":"<p><a href=\"http:\/\/www.sudoestehoje.com.br\/novoportal\/wp-content\/uploads\/2017\/06\/\u00f4nibus-escolar-macarani.jpg\"><img loading=\"lazy\" decoding=\"async\" class=\"aligncenter size-medium wp-image-65898\" src=\"http:\/\/www.sudoestehoje.com.br\/novoportal\/wp-content\/uploads\/2017\/06\/\u00f4nibus-escolar-macarani-500x192.jpg\" alt=\"\" width=\"500\" height=\"192\" srcset=\"https:\/\/www.sudoestehoje.com.br\/novoportal\/wp-content\/uploads\/2017\/06\/\u00f4nibus-escolar-macarani-500x192.jpg 500w, https:\/\/www.sudoestehoje.com.br\/novoportal\/wp-content\/uploads\/2017\/06\/\u00f4nibus-escolar-macarani-768x295.jpg 768w, https:\/\/www.sudoestehoje.com.br\/novoportal\/wp-content\/uploads\/2017\/06\/\u00f4nibus-escolar-macarani-700x269.jpg 700w, https:\/\/www.sudoestehoje.com.br\/novoportal\/wp-content\/uploads\/2017\/06\/\u00f4nibus-escolar-macarani.jpg 960w\" sizes=\"auto, (max-width: 500px) 100vw, 500px\" \/><\/a><\/p>\n<p>A Prefeitura de Macarani vem fazendo desde o in\u00edcio do ano alguns investimento e melhorias na Rede Municipal de Ensino. Atendendo a uma solicita\u00e7\u00e3o da Secret\u00e1ria de Educa\u00e7\u00e3o Fabiane Souza, foi disponibilizado nesta semana o transporte escolar para os alunos das imedia\u00e7\u00f5es dos bairros M\u00e1rjorie Parque e Ant\u00f4nio Beir\u00e3o. A maioria destes alunos trabalha durante o dia e estuda a noite.<\/p>\n<p>Agora o transporte escolar vai melhorar a qualidade de vida destas pessoas que est\u00e3o estudando e<span class=\"text_exposed_show\"> em busca de oportunidades na vida. Lembrando que os alunos dos anos finais do Ensino Fundamental tamb\u00e9m j\u00e1 contam com o transporte escolar desde o in\u00edcio do ano. Outrora este transporte era oferecido apenas para os alunos dos anos iniciais.<\/span><\/p>\n<div class=\"text_exposed_show\">\n<p>Tamb\u00e9m com o intuito de valorizar a cultura nordestina, est\u00e3o sendo realizadas v\u00e1rias quermesses juninas nos distritos e nos bairros, sendo que a prefeitura est\u00e1 dando todo suporte na infraestrutura e tamb\u00e9m com parte da alimenta\u00e7\u00e3o t\u00edpica da regi\u00e3o.<\/p>\n<p>As festinhas est\u00e3o sendo um sucesso! Isso se deve atrav\u00e9s da parceria entre a Secretaria de Educa\u00e7\u00e3o com os diretores, professores e todo pessoal de apoio da Educa\u00e7\u00e3o. A comunidade tamb\u00e9m est\u00e1 participando e apoiando este projeto que ao todo ter\u00e1 7 quermesses antes do encerramento do primeiro semestre. \/\/Ascom<\/p>\n<p><img decoding=\"async\" src=\"http:\/\/www.sudoestehoje.com.br\/novoportal\/wp-content\/uploads\/2017\/06\/supermoda2-500x126.jpg\" \/><\/p>\n<\/div>\n","protected":false},"excerpt":{"rendered":"<p>A Prefeitura de Macarani vem fazendo desde o in\u00edcio do ano alguns investimento e melhorias na Rede Municipal de Ensino. Atendendo a uma solicita\u00e7\u00e3o da Secret\u00e1ria de Educa\u00e7\u00e3o Fabiane Souza, foi disponibilizado nesta semana o transporte escolar para os alunos das imedia\u00e7\u00f5es dos bairros M\u00e1rjorie Parque e Ant\u00f4nio Beir\u00e3o. A maioria destes alunos trabalha durante [&hellip;]<\/p>\n","protected":false},"author":2,"featured_media":65898,"comment_status":"open","ping_status":"open","sticky":false,"template":"","format":"standard","meta":{"footnotes":"","_links_to":"","_links_to_target":""},"categories":[1],"tags":[],"class_list":["post-65894","post","type-post","status-publish","format-standard","has-post-thumbnail","hentry","category-geral"],"views":1379,"_links":{"self":[{"href":"https:\/\/www.sudoestehoje.com.br\/novoportal\/wp-json\/wp\/v2\/posts\/65894","targetHints":{"allow":["GET"]}}],"collection":[{"href":"https:\/\/www.sudoestehoje.com.br\/novoportal\/wp-json\/wp\/v2\/posts"}],"about":[{"href":"https:\/\/www.sudoestehoje.com.br\/novoportal\/wp-json\/wp\/v2\/types\/post"}],"author":[{"embeddable":true,"href":"https:\/\/www.sudoestehoje.com.br\/novoportal\/wp-json\/wp\/v2\/users\/2"}],"replies":[{"embeddable":true,"href":"https:\/\/www.sudoestehoje.com.br\/novoportal\/wp-json\/wp\/v2\/comments?post=65894"}],"version-history":[{"count":6,"href":"https:\/\/www.sudoestehoje.com.br\/novoportal\/wp-json\/wp\/v2\/posts\/65894\/revisions"}],"predecessor-version":[{"id":65901,"href":"https:\/\/www.sudoestehoje.com.br\/novoportal\/wp-json\/wp\/v2\/posts\/65894\/revisions\/65901"}],"wp:featuredmedia":[{"embeddable":true,"href":"https:\/\/www.sudoestehoje.com.br\/novoportal\/wp-json\/wp\/v2\/media\/65898"}],"wp:attachment":[{"href":"https:\/\/www.sudoestehoje.com.br\/novoportal\/wp-json\/wp\/v2\/media?parent=65894"}],"wp:term":[{"taxonomy":"category","embeddable":true,"href":"https:\/\/www.sudoestehoje.com.br\/novoportal\/wp-json\/wp\/v2\/categories?post=65894"},{"taxonomy":"post_tag","embeddable":true,"href":"https:\/\/www.sudoestehoje.com.br\/novoportal\/wp-json\/wp\/v2\/tags?post=65894"}],"curies":[{"name":"wp","href":"https:\/\/api.w.org\/{rel}","templated":true}]}}