
{"id":65886,"date":"2017-06-09T20:48:39","date_gmt":"2017-06-09T23:48:39","guid":{"rendered":"http:\/\/www.sudoestehoje.com.br\/novoportal\/?p=65886"},"modified":"2017-06-09T20:48:39","modified_gmt":"2017-06-09T23:48:39","slug":"por-4-votos-a-3-tse-rejeita-cassacao-da-chapa-dilma-temer-na-eleicao-de-2014","status":"publish","type":"post","link":"https:\/\/www.sudoestehoje.com.br\/novoportal\/2017\/06\/09\/por-4-votos-a-3-tse-rejeita-cassacao-da-chapa-dilma-temer-na-eleicao-de-2014\/","title":{"rendered":"POR 4 VOTOS A 3, TSE REJEITA CASSA\u00c7\u00c3O DA CHAPA DILMA-TEMER NA ELEI\u00c7\u00c3O DE 2014"},"content":{"rendered":"<div class=\"mc-column content-text active-extra-styles active-capital-letter\" data-block-type=\"unstyled\" data-block-weight=\"36\">\n<p class=\"content-text__container theme-color-primary-first-letter\" data-track-category=\"Link no Texto\" data-track-links=\"\"><a href=\"http:\/\/www.sudoestehoje.com.br\/novoportal\/wp-content\/uploads\/2017\/06\/temer-dilma.jpg\"><img loading=\"lazy\" decoding=\"async\" class=\"aligncenter size-medium wp-image-65887\" src=\"http:\/\/www.sudoestehoje.com.br\/novoportal\/wp-content\/uploads\/2017\/06\/temer-dilma-500x333.jpg\" alt=\"\" width=\"500\" height=\"333\" srcset=\"https:\/\/www.sudoestehoje.com.br\/novoportal\/wp-content\/uploads\/2017\/06\/temer-dilma-500x333.jpg 500w, https:\/\/www.sudoestehoje.com.br\/novoportal\/wp-content\/uploads\/2017\/06\/temer-dilma-768x511.jpg 768w, https:\/\/www.sudoestehoje.com.br\/novoportal\/wp-content\/uploads\/2017\/06\/temer-dilma-700x466.jpg 700w, https:\/\/www.sudoestehoje.com.br\/novoportal\/wp-content\/uploads\/2017\/06\/temer-dilma.jpg 1262w\" sizes=\"auto, (max-width: 500px) 100vw, 500px\" \/><\/a><\/p>\n<p class=\"content-text__container theme-color-primary-first-letter\" data-track-category=\"Link no Texto\" data-track-links=\"\">O Tribunal Superior Eleitoral (TSE) absolveu nesta sexta-feira (9), por 4 votos a 3, a ex-presidente Dilma Rousseff e o presidente Michel Temer da acusa\u00e7\u00e3o de abuso de poder pol\u00edtico e econ\u00f4mico na campanha de 2014.<\/p>\n<\/div>\n<div class=\"mc-column content-text active-extra-styles \" data-block-type=\"unstyled\" data-block-weight=\"50\">\n<p class=\"content-text__container \" data-track-category=\"Link no Texto\" data-track-links=\"\">A maioria dos ministros considerou que n\u00e3o houve les\u00e3o ao equil\u00edbrio da disputa e, com isso, livrou Temer da perda do atual mandato e Dilma da inegibilidade por 8 anos. O <a href=\"http:\/\/g1.globo.com\/politica\/noticia\/gilmar-mendes-vota-pela-absolvicao-da-chapa-dilma-temer.ghtml\">voto que desempatou o julgamento foi o do ministro Gilmar Mendes<\/a>, presidente do TSE, o \u00faltimo a se manifestar.<\/p>\n<\/div>\n","protected":false},"excerpt":{"rendered":"<p>O Tribunal Superior Eleitoral (TSE) absolveu nesta sexta-feira (9), por 4 votos a 3, a ex-presidente Dilma Rousseff e o presidente Michel Temer da acusa\u00e7\u00e3o de abuso de poder pol\u00edtico e econ\u00f4mico na campanha de 2014. A maioria dos ministros considerou que n\u00e3o houve les\u00e3o ao equil\u00edbrio da disputa e, com isso, livrou Temer da [&hellip;]<\/p>\n","protected":false},"author":2,"featured_media":65887,"comment_status":"open","ping_status":"open","sticky":false,"template":"","format":"standard","meta":{"footnotes":"","_links_to":"","_links_to_target":""},"categories":[1],"tags":[],"class_list":["post-65886","post","type-post","status-publish","format-standard","has-post-thumbnail","hentry","category-geral"],"views":1286,"_links":{"self":[{"href":"https:\/\/www.sudoestehoje.com.br\/novoportal\/wp-json\/wp\/v2\/posts\/65886","targetHints":{"allow":["GET"]}}],"collection":[{"href":"https:\/\/www.sudoestehoje.com.br\/novoportal\/wp-json\/wp\/v2\/posts"}],"about":[{"href":"https:\/\/www.sudoestehoje.com.br\/novoportal\/wp-json\/wp\/v2\/types\/post"}],"author":[{"embeddable":true,"href":"https:\/\/www.sudoestehoje.com.br\/novoportal\/wp-json\/wp\/v2\/users\/2"}],"replies":[{"embeddable":true,"href":"https:\/\/www.sudoestehoje.com.br\/novoportal\/wp-json\/wp\/v2\/comments?post=65886"}],"version-history":[{"count":1,"href":"https:\/\/www.sudoestehoje.com.br\/novoportal\/wp-json\/wp\/v2\/posts\/65886\/revisions"}],"predecessor-version":[{"id":65888,"href":"https:\/\/www.sudoestehoje.com.br\/novoportal\/wp-json\/wp\/v2\/posts\/65886\/revisions\/65888"}],"wp:featuredmedia":[{"embeddable":true,"href":"https:\/\/www.sudoestehoje.com.br\/novoportal\/wp-json\/wp\/v2\/media\/65887"}],"wp:attachment":[{"href":"https:\/\/www.sudoestehoje.com.br\/novoportal\/wp-json\/wp\/v2\/media?parent=65886"}],"wp:term":[{"taxonomy":"category","embeddable":true,"href":"https:\/\/www.sudoestehoje.com.br\/novoportal\/wp-json\/wp\/v2\/categories?post=65886"},{"taxonomy":"post_tag","embeddable":true,"href":"https:\/\/www.sudoestehoje.com.br\/novoportal\/wp-json\/wp\/v2\/tags?post=65886"}],"curies":[{"name":"wp","href":"https:\/\/api.w.org\/{rel}","templated":true}]}}