
{"id":65882,"date":"2017-06-09T01:11:46","date_gmt":"2017-06-09T04:11:46","guid":{"rendered":"http:\/\/www.sudoestehoje.com.br\/novoportal\/?p=65882"},"modified":"2017-06-09T01:11:46","modified_gmt":"2017-06-09T04:11:46","slug":"lava-jato-fachin-manda-investigacao-sobre-wagner-e-lula-para-o-trf-1","status":"publish","type":"post","link":"https:\/\/www.sudoestehoje.com.br\/novoportal\/2017\/06\/09\/lava-jato-fachin-manda-investigacao-sobre-wagner-e-lula-para-o-trf-1\/","title":{"rendered":"LAVA JATO: FACHIN MANDA INVESTIGA\u00c7\u00c3O SOBRE WAGNER E LULA PARA O TRF-1"},"content":{"rendered":"<p><a href=\"http:\/\/www.sudoestehoje.com.br\/novoportal\/wp-content\/uploads\/2017\/06\/W-L.jpg\"><img loading=\"lazy\" decoding=\"async\" class=\"aligncenter size-medium wp-image-65884\" src=\"http:\/\/www.sudoestehoje.com.br\/novoportal\/wp-content\/uploads\/2017\/06\/W-L-500x301.jpg\" alt=\"\" width=\"500\" height=\"301\" srcset=\"https:\/\/www.sudoestehoje.com.br\/novoportal\/wp-content\/uploads\/2017\/06\/W-L-500x301.jpg 500w, https:\/\/www.sudoestehoje.com.br\/novoportal\/wp-content\/uploads\/2017\/06\/W-L.jpg 645w\" sizes=\"auto, (max-width: 500px) 100vw, 500px\" \/><\/a><\/p>\n<p>Com a nomea\u00e7\u00e3o do ex-ministro-chefe da Casa Civil da Presid\u00eancia Jacques Wagner (Governo Dilma) para o cargo de secret\u00e1rio estadual na Bahia, o ministro Edson Fachin, do Supremo Tribunal Federal (STF), determinou o envio de c\u00f3pia da Peti\u00e7\u00e3o (PET) 6662 para o Tribunal Regional Federal da 1.\u00aa Regi\u00e3o (TRF1).<\/p>\n<p>A peti\u00e7\u00e3o se refere a fatos revelados em dela\u00e7\u00e3o premiada de executivos da Odebrecht que implicam Wagner e o ex-presidente Luiz In\u00e1cio Lula da Silva. Pela decis\u00e3o, caber\u00e1 \u00e0quela Corte decidir pela manuten\u00e7\u00e3o ou n\u00e3o de procedimento investigat\u00f3rio contra o ex-presidente no mesmo processo que tramita contra o ex-ministro de Dilma.<\/p>\n<p>Wagner e Lula apresentaram agravos regimentais para questionar a decis\u00e3o do ministro Fachin que determinou o envio de c\u00f3pia dos autos para a Justi\u00e7a Federal no Paran\u00e1, onde a Lava Jato \u00e9 conduzida pelo juiz federal S\u00e9rgio Moro.<\/p>\n<p>O ex-ministro informou que foi nomeado para o novo cargo, em janeiro deste ano, e Lula sustentou a inexist\u00eancia de men\u00e7\u00e3o ao seu nome nas declara\u00e7\u00f5es dos delatores Cl\u00e1udio Melo Filho e Em\u00edlio Alves Odebrecht, ambos da empreiteira, \u201cn\u00e3o se verificando nos fatos qualquer conex\u00e3o com o objeto da opera\u00e7\u00e3o que tramita na Justi\u00e7a Federal paranaense\u201d.<\/p>\n<p>Em sua decis\u00e3o, o ministro concordou que deve ser dada destina\u00e7\u00e3o diversa da determinada por ele inicialmente, exatamente por causa da nomea\u00e7\u00e3o de Wagner para a Secretaria do Desenvolvimento Econ\u00f4mico do Estado da Bahia.<\/p>\n<p>Nesse sentido, lembrou que a Constitui\u00e7\u00e3o baiana atribui ao Tribunal de Justi\u00e7a do Estado compet\u00eancia para julgar o secretariado estadual por crimes comuns.<\/p>\n<p>Mas, como h\u00e1 ind\u00edcios de condutas praticadas no exerc\u00edcio de fun\u00e7\u00e3o p\u00fablica federal, Fachin explicou que se revela no caso \u201co interesse da Uni\u00e3o\u201d na apura\u00e7\u00e3o dos fatos, e portanto a supervis\u00e3o da investiga\u00e7\u00e3o caber\u00e1 ao TRF1, sediado em Bras\u00edlia.<\/p>\n<p>Ainda segundo o ministro, caber\u00e1 \u00e0quele Tribunal deliberar acerca da exist\u00eancia de conex\u00e3o que justifique a manuten\u00e7\u00e3o de Luiz In\u00e1cio Lula da Silva no mesmo procedimento, nos termos do artigo 78 (inciso III), do C\u00f3digo de Processo Penal.<\/p>\n<p>Em consequ\u00eancia de sua decis\u00e3o, concluiu o relator, ficou prejudicado o agravo interposto pelo ex-presidente.<\/p>\n","protected":false},"excerpt":{"rendered":"<p>Com a nomea\u00e7\u00e3o do ex-ministro-chefe da Casa Civil da Presid\u00eancia Jacques Wagner (Governo Dilma) para o cargo de secret\u00e1rio estadual na Bahia, o ministro Edson Fachin, do Supremo Tribunal Federal (STF), determinou o envio de c\u00f3pia da Peti\u00e7\u00e3o (PET) 6662 para o Tribunal Regional Federal da 1.\u00aa Regi\u00e3o (TRF1). A peti\u00e7\u00e3o se refere a fatos [&hellip;]<\/p>\n","protected":false},"author":2,"featured_media":65884,"comment_status":"open","ping_status":"open","sticky":false,"template":"","format":"standard","meta":{"footnotes":"","_links_to":"","_links_to_target":""},"categories":[1],"tags":[],"class_list":["post-65882","post","type-post","status-publish","format-standard","has-post-thumbnail","hentry","category-geral"],"views":1681,"_links":{"self":[{"href":"https:\/\/www.sudoestehoje.com.br\/novoportal\/wp-json\/wp\/v2\/posts\/65882","targetHints":{"allow":["GET"]}}],"collection":[{"href":"https:\/\/www.sudoestehoje.com.br\/novoportal\/wp-json\/wp\/v2\/posts"}],"about":[{"href":"https:\/\/www.sudoestehoje.com.br\/novoportal\/wp-json\/wp\/v2\/types\/post"}],"author":[{"embeddable":true,"href":"https:\/\/www.sudoestehoje.com.br\/novoportal\/wp-json\/wp\/v2\/users\/2"}],"replies":[{"embeddable":true,"href":"https:\/\/www.sudoestehoje.com.br\/novoportal\/wp-json\/wp\/v2\/comments?post=65882"}],"version-history":[{"count":2,"href":"https:\/\/www.sudoestehoje.com.br\/novoportal\/wp-json\/wp\/v2\/posts\/65882\/revisions"}],"predecessor-version":[{"id":65885,"href":"https:\/\/www.sudoestehoje.com.br\/novoportal\/wp-json\/wp\/v2\/posts\/65882\/revisions\/65885"}],"wp:featuredmedia":[{"embeddable":true,"href":"https:\/\/www.sudoestehoje.com.br\/novoportal\/wp-json\/wp\/v2\/media\/65884"}],"wp:attachment":[{"href":"https:\/\/www.sudoestehoje.com.br\/novoportal\/wp-json\/wp\/v2\/media?parent=65882"}],"wp:term":[{"taxonomy":"category","embeddable":true,"href":"https:\/\/www.sudoestehoje.com.br\/novoportal\/wp-json\/wp\/v2\/categories?post=65882"},{"taxonomy":"post_tag","embeddable":true,"href":"https:\/\/www.sudoestehoje.com.br\/novoportal\/wp-json\/wp\/v2\/tags?post=65882"}],"curies":[{"name":"wp","href":"https:\/\/api.w.org\/{rel}","templated":true}]}}