
{"id":65871,"date":"2017-06-08T23:45:38","date_gmt":"2017-06-09T02:45:38","guid":{"rendered":"http:\/\/www.sudoestehoje.com.br\/novoportal\/?p=65871"},"modified":"2017-06-08T23:45:38","modified_gmt":"2017-06-09T02:45:38","slug":"itapetinga-prefeito-rodrigo-hagge-vai-aos-bairros-atender-a-populacao","status":"publish","type":"post","link":"https:\/\/www.sudoestehoje.com.br\/novoportal\/2017\/06\/08\/itapetinga-prefeito-rodrigo-hagge-vai-aos-bairros-atender-a-populacao\/","title":{"rendered":"ITAPETINGA: PREFEITO RODRIGO HAGGE VAI AOS BAIRROS ATENDER A POPULA\u00c7\u00c3O"},"content":{"rendered":"<p><a href=\"http:\/\/www.sudoestehoje.com.br\/novoportal\/wp-content\/uploads\/2017\/06\/WhatsApp-Image-2017-06-08-at-18.32.08.jpeg\"><img loading=\"lazy\" decoding=\"async\" class=\"aligncenter size-medium wp-image-65872\" src=\"http:\/\/www.sudoestehoje.com.br\/novoportal\/wp-content\/uploads\/2017\/06\/WhatsApp-Image-2017-06-08-at-18.32.08-500x332.jpeg\" alt=\"\" width=\"500\" height=\"332\" srcset=\"https:\/\/www.sudoestehoje.com.br\/novoportal\/wp-content\/uploads\/2017\/06\/WhatsApp-Image-2017-06-08-at-18.32.08-500x332.jpeg 500w, https:\/\/www.sudoestehoje.com.br\/novoportal\/wp-content\/uploads\/2017\/06\/WhatsApp-Image-2017-06-08-at-18.32.08-768x511.jpeg 768w, https:\/\/www.sudoestehoje.com.br\/novoportal\/wp-content\/uploads\/2017\/06\/WhatsApp-Image-2017-06-08-at-18.32.08-700x465.jpeg 700w, https:\/\/www.sudoestehoje.com.br\/novoportal\/wp-content\/uploads\/2017\/06\/WhatsApp-Image-2017-06-08-at-18.32.08.jpeg 1280w\" sizes=\"auto, (max-width: 500px) 100vw, 500px\" \/><\/a><\/p>\n<p>Na manh\u00e3 desta ter\u00e7a-feira, o prefeito Rodrigo Hagge come\u00e7ou o seu atendimento itinerante. De bairro em bairro, o prefeito vai detectando problemas, ouvindo reivindica\u00e7\u00f5es e buscando, junto \u00e0 sociedade e \u00e0 sua equipe de governo, solu\u00e7\u00f5es para oferecer bem estar aos itapetinguenses.<\/p>\n<p><a href=\"http:\/\/www.sudoestehoje.com.br\/novoportal\/wp-content\/uploads\/2017\/06\/WhatsApp-Image-2017-06-08-at-18.32.10.jpeg\"><img loading=\"lazy\" decoding=\"async\" class=\"aligncenter size-medium wp-image-65873\" src=\"http:\/\/www.sudoestehoje.com.br\/novoportal\/wp-content\/uploads\/2017\/06\/WhatsApp-Image-2017-06-08-at-18.32.10-500x306.jpeg\" alt=\"\" width=\"500\" height=\"306\" srcset=\"https:\/\/www.sudoestehoje.com.br\/novoportal\/wp-content\/uploads\/2017\/06\/WhatsApp-Image-2017-06-08-at-18.32.10-500x306.jpeg 500w, https:\/\/www.sudoestehoje.com.br\/novoportal\/wp-content\/uploads\/2017\/06\/WhatsApp-Image-2017-06-08-at-18.32.10-768x470.jpeg 768w, https:\/\/www.sudoestehoje.com.br\/novoportal\/wp-content\/uploads\/2017\/06\/WhatsApp-Image-2017-06-08-at-18.32.10-700x429.jpeg 700w, https:\/\/www.sudoestehoje.com.br\/novoportal\/wp-content\/uploads\/2017\/06\/WhatsApp-Image-2017-06-08-at-18.32.10.jpeg 1280w\" sizes=\"auto, (max-width: 500px) 100vw, 500px\" \/><\/a><\/p>\n<p>Esta semana foi a vez da Nova Itapetinga. No CRAS \u2013 Centro de Refer\u00eancia e Assist\u00eancia Social, Rodrigo se encontrou com a popula\u00e7\u00e3o. Buscando aproximar-se das necessidades dos moradores, ele conversou com cada um. Os pedidos eram dos mais variados. Entre as principais reivindica\u00e7\u00f5es estavam cuidado e aten\u00e7\u00e3o com a popula\u00e7\u00e3o carente e infraestrutura para os novos residenciais. Constru\u00eddos na gest\u00e3o anterior atrav\u00e9s do projeto federal Minha Casa Minha Vida, os residenciais n\u00e3o tiveram a contrapartida municipal, que deveria oferecer aos novos bairros todo o aparato necess\u00e1rio para que os moradores n\u00e3o vivessem ilhados na periferia da cidade sem creches, pra\u00e7as ou PSF\u2019s pela redondeza.<\/p>\n<p><a href=\"http:\/\/www.sudoestehoje.com.br\/novoportal\/wp-content\/uploads\/2017\/06\/WhatsApp-Image-2017-06-08-at-18.32.11.jpeg\"><img loading=\"lazy\" decoding=\"async\" class=\"aligncenter size-medium wp-image-65874\" src=\"http:\/\/www.sudoestehoje.com.br\/novoportal\/wp-content\/uploads\/2017\/06\/WhatsApp-Image-2017-06-08-at-18.32.11-500x329.jpeg\" alt=\"\" width=\"500\" height=\"329\" srcset=\"https:\/\/www.sudoestehoje.com.br\/novoportal\/wp-content\/uploads\/2017\/06\/WhatsApp-Image-2017-06-08-at-18.32.11-500x329.jpeg 500w, https:\/\/www.sudoestehoje.com.br\/novoportal\/wp-content\/uploads\/2017\/06\/WhatsApp-Image-2017-06-08-at-18.32.11-768x506.jpeg 768w, https:\/\/www.sudoestehoje.com.br\/novoportal\/wp-content\/uploads\/2017\/06\/WhatsApp-Image-2017-06-08-at-18.32.11-700x461.jpeg 700w, https:\/\/www.sudoestehoje.com.br\/novoportal\/wp-content\/uploads\/2017\/06\/WhatsApp-Image-2017-06-08-at-18.32.11.jpeg 1280w\" sizes=\"auto, (max-width: 500px) 100vw, 500px\" \/><\/a><\/p>\n<p>Com sensibilidade, o prefeito foi buscando alternativas, conquistando parcerias e solucionando problemas. Junto \u00e0 Secret\u00e1ria de Desenvolvimento Social, Eliene Portella, ele conseguiu aulas de refor\u00e7o escolar que ser\u00e3o ministradas no quiosque do Residencial Neto Fernandes a partir desta segunda-feira. O Diretor Geral da Secretaria de Sa\u00fade, Helder Serafim, ordenou atendimentos e fez planejamentos para melhorar a cobertura da assist\u00eancia b\u00e1sica do munic\u00edpio.<\/p>\n<p><a href=\"http:\/\/www.sudoestehoje.com.br\/novoportal\/wp-content\/uploads\/2017\/06\/WhatsApp-Image-2017-06-08-at-18.32.12.jpeg\"><img loading=\"lazy\" decoding=\"async\" class=\"aligncenter size-medium wp-image-65875\" src=\"http:\/\/www.sudoestehoje.com.br\/novoportal\/wp-content\/uploads\/2017\/06\/WhatsApp-Image-2017-06-08-at-18.32.12-500x281.jpeg\" alt=\"\" width=\"500\" height=\"281\" srcset=\"https:\/\/www.sudoestehoje.com.br\/novoportal\/wp-content\/uploads\/2017\/06\/WhatsApp-Image-2017-06-08-at-18.32.12-500x281.jpeg 500w, https:\/\/www.sudoestehoje.com.br\/novoportal\/wp-content\/uploads\/2017\/06\/WhatsApp-Image-2017-06-08-at-18.32.12-768x431.jpeg 768w, https:\/\/www.sudoestehoje.com.br\/novoportal\/wp-content\/uploads\/2017\/06\/WhatsApp-Image-2017-06-08-at-18.32.12-700x393.jpeg 700w, https:\/\/www.sudoestehoje.com.br\/novoportal\/wp-content\/uploads\/2017\/06\/WhatsApp-Image-2017-06-08-at-18.32.12.jpeg 1280w\" sizes=\"auto, (max-width: 500px) 100vw, 500px\" \/><\/a><\/p>\n<p>Ap\u00f3s quase cinco horas de atendimento, Rodrigo Hagge saiu de l\u00e1 com novos planos. A prefeitura apoiar\u00e1, por exemplo, um novo projeto social que oferece aulas de boxe a crian\u00e7as e adolescentes carentes. No CRAS foram oferecidos servi\u00e7os de cabeleireiro, designer de sobrancelhas, al\u00e9m dos atendimentos da secretaria de sa\u00fade como aferi\u00e7\u00e3o de press\u00e3o e testes r\u00e1pidos. Um trabalho intensivo entre as secretarias de servi\u00e7os p\u00fablicos, infraestrutura, meio ambiente e o SAAE, deixou o bairro mais limpo e organizado.<\/p>\n<p><a href=\"http:\/\/www.sudoestehoje.com.br\/novoportal\/wp-content\/uploads\/2017\/06\/WhatsApp-Image-2017-06-08-at-18.32.13.jpeg\"><img loading=\"lazy\" decoding=\"async\" class=\"aligncenter size-medium wp-image-65876\" src=\"http:\/\/www.sudoestehoje.com.br\/novoportal\/wp-content\/uploads\/2017\/06\/WhatsApp-Image-2017-06-08-at-18.32.13-500x310.jpeg\" alt=\"\" width=\"500\" height=\"310\" srcset=\"https:\/\/www.sudoestehoje.com.br\/novoportal\/wp-content\/uploads\/2017\/06\/WhatsApp-Image-2017-06-08-at-18.32.13-500x310.jpeg 500w, https:\/\/www.sudoestehoje.com.br\/novoportal\/wp-content\/uploads\/2017\/06\/WhatsApp-Image-2017-06-08-at-18.32.13-768x476.jpeg 768w, https:\/\/www.sudoestehoje.com.br\/novoportal\/wp-content\/uploads\/2017\/06\/WhatsApp-Image-2017-06-08-at-18.32.13-700x434.jpeg 700w, https:\/\/www.sudoestehoje.com.br\/novoportal\/wp-content\/uploads\/2017\/06\/WhatsApp-Image-2017-06-08-at-18.32.13.jpeg 1280w\" sizes=\"auto, (max-width: 500px) 100vw, 500px\" \/><\/a><\/p>\n<p>A Prefeitura de Itapetinga vem cuidando do seu povo de forma criteriosa como os itapetinguenses merecem. \/\/Ascom<\/p>\n","protected":false},"excerpt":{"rendered":"<p>Na manh\u00e3 desta ter\u00e7a-feira, o prefeito Rodrigo Hagge come\u00e7ou o seu atendimento itinerante. De bairro em bairro, o prefeito vai detectando problemas, ouvindo reivindica\u00e7\u00f5es e buscando, junto \u00e0 sociedade e \u00e0 sua equipe de governo, solu\u00e7\u00f5es para oferecer bem estar aos itapetinguenses. Esta semana foi a vez da Nova Itapetinga. No CRAS \u2013 Centro de [&hellip;]<\/p>\n","protected":false},"author":2,"featured_media":65872,"comment_status":"open","ping_status":"open","sticky":false,"template":"","format":"standard","meta":{"footnotes":"","_links_to":"","_links_to_target":""},"categories":[1],"tags":[],"class_list":["post-65871","post","type-post","status-publish","format-standard","has-post-thumbnail","hentry","category-geral"],"views":1596,"_links":{"self":[{"href":"https:\/\/www.sudoestehoje.com.br\/novoportal\/wp-json\/wp\/v2\/posts\/65871","targetHints":{"allow":["GET"]}}],"collection":[{"href":"https:\/\/www.sudoestehoje.com.br\/novoportal\/wp-json\/wp\/v2\/posts"}],"about":[{"href":"https:\/\/www.sudoestehoje.com.br\/novoportal\/wp-json\/wp\/v2\/types\/post"}],"author":[{"embeddable":true,"href":"https:\/\/www.sudoestehoje.com.br\/novoportal\/wp-json\/wp\/v2\/users\/2"}],"replies":[{"embeddable":true,"href":"https:\/\/www.sudoestehoje.com.br\/novoportal\/wp-json\/wp\/v2\/comments?post=65871"}],"version-history":[{"count":1,"href":"https:\/\/www.sudoestehoje.com.br\/novoportal\/wp-json\/wp\/v2\/posts\/65871\/revisions"}],"predecessor-version":[{"id":65877,"href":"https:\/\/www.sudoestehoje.com.br\/novoportal\/wp-json\/wp\/v2\/posts\/65871\/revisions\/65877"}],"wp:featuredmedia":[{"embeddable":true,"href":"https:\/\/www.sudoestehoje.com.br\/novoportal\/wp-json\/wp\/v2\/media\/65872"}],"wp:attachment":[{"href":"https:\/\/www.sudoestehoje.com.br\/novoportal\/wp-json\/wp\/v2\/media?parent=65871"}],"wp:term":[{"taxonomy":"category","embeddable":true,"href":"https:\/\/www.sudoestehoje.com.br\/novoportal\/wp-json\/wp\/v2\/categories?post=65871"},{"taxonomy":"post_tag","embeddable":true,"href":"https:\/\/www.sudoestehoje.com.br\/novoportal\/wp-json\/wp\/v2\/tags?post=65871"}],"curies":[{"name":"wp","href":"https:\/\/api.w.org\/{rel}","templated":true}]}}