
{"id":65850,"date":"2017-06-07T17:06:23","date_gmt":"2017-06-07T20:06:23","guid":{"rendered":"http:\/\/www.sudoestehoje.com.br\/novoportal\/?p=65850"},"modified":"2017-06-07T17:06:23","modified_gmt":"2017-06-07T20:06:23","slug":"comarca-de-itarantim-sera-fechada-pelo-tj","status":"publish","type":"post","link":"https:\/\/www.sudoestehoje.com.br\/novoportal\/2017\/06\/07\/comarca-de-itarantim-sera-fechada-pelo-tj\/","title":{"rendered":"COMARCA DE ITARANTIM SER\u00c1 FECHADA PELO TJ"},"content":{"rendered":"<p><a href=\"http:\/\/www.sudoestehoje.com.br\/novoportal\/wp-content\/uploads\/2017\/06\/itarantim.jpg\"><img loading=\"lazy\" decoding=\"async\" class=\"aligncenter size-medium wp-image-65852\" src=\"http:\/\/www.sudoestehoje.com.br\/novoportal\/wp-content\/uploads\/2017\/06\/itarantim-500x285.jpg\" alt=\"\" width=\"500\" height=\"285\" \/><\/a><\/p>\n<p>Dentro do programa de reestrutura\u00e7\u00e3o estabelecido pelo Tribunal de Justi\u00e7a da Bahia, in\u00fameras comarcas do interior dever\u00e3o ser fechadas nos pr\u00f3ximos meses.<\/p>\n<p>A previs\u00e3o inicial do TJ era de que cerca de 70 delas fossem desativadas, levando-se em conta o n\u00famero \u00ednfimo de processos em tramita\u00e7\u00e3o, o que gera, segundo o TJ, custos desnecess\u00e1rios para o Estado. Entretanto, a lista divulgada nesta quarta-feira (7), atrav\u00e9s das redes sociais, reduziu o n\u00famero para 49 comarcas, dentre elas tr\u00eas do M\u00e9dio Sudoeste: <strong>Itarantim, Ibicu\u00ed e Nova Cana\u00e3.<\/strong><\/p>\n<p>Com a divulga\u00e7\u00e3o da lista atrav\u00e9s das redes, advogados e serventu\u00e1rios de Itarantim e regi\u00e3o demonstraram a sua indigna\u00e7\u00e3o com os representantes pol\u00edticos da cidade, especificamente o prefeito Paulo Constru\u00e7\u00e3o, que n\u00e3o teria se empenhado para reverter a situa\u00e7\u00e3o, como fizeram outros gestores municipais.<\/p>\n<p>ITAMB\u00c9 SE LIVROU DO CORTE<\/p>\n<p>Cogitada inicialmente para compor a lista de corte do TJ, a comarca de Itamb\u00e9 acabou se livrando, devido ao empenho dos advogados, da OAB e do pr\u00f3prio prefeito Eduardo Gama, que foi em comitiva ao Tribunal de Justi\u00e7a da Bahia para reivindicar a perman\u00eancia da comarca em seu munic\u00edpio, e acabou obtendo \u00eaxito.<\/p>\n<p>Como diz um antigo jarg\u00e3o forense, <em>&#8220;O Direito n\u00e3o assiste aos que dormem&#8221;<\/em>. Confira a lista extra-oficial:<\/p>\n<p><a href=\"http:\/\/www.sudoestehoje.com.br\/novoportal\/wp-content\/uploads\/2017\/06\/comarcas.jpg\"><img loading=\"lazy\" decoding=\"async\" class=\"aligncenter size-medium wp-image-65851\" src=\"http:\/\/www.sudoestehoje.com.br\/novoportal\/wp-content\/uploads\/2017\/06\/comarcas-500x644.jpg\" alt=\"\" width=\"500\" height=\"644\" srcset=\"https:\/\/www.sudoestehoje.com.br\/novoportal\/wp-content\/uploads\/2017\/06\/comarcas-500x644.jpg 500w, https:\/\/www.sudoestehoje.com.br\/novoportal\/wp-content\/uploads\/2017\/06\/comarcas.jpg 519w\" sizes=\"auto, (max-width: 500px) 100vw, 500px\" \/><\/a><\/p>\n<p><strong><em>Por Davi Ferraz<\/em><\/strong><\/p>\n","protected":false},"excerpt":{"rendered":"<p>Dentro do programa de reestrutura\u00e7\u00e3o estabelecido pelo Tribunal de Justi\u00e7a da Bahia, in\u00fameras comarcas do interior dever\u00e3o ser fechadas nos pr\u00f3ximos meses. A previs\u00e3o inicial do TJ era de que cerca de 70 delas fossem desativadas, levando-se em conta o n\u00famero \u00ednfimo de processos em tramita\u00e7\u00e3o, o que gera, segundo o TJ, custos desnecess\u00e1rios para [&hellip;]<\/p>\n","protected":false},"author":2,"featured_media":65852,"comment_status":"open","ping_status":"open","sticky":false,"template":"","format":"standard","meta":{"footnotes":"","_links_to":"","_links_to_target":""},"categories":[1],"tags":[],"class_list":["post-65850","post","type-post","status-publish","format-standard","has-post-thumbnail","hentry","category-geral"],"views":5182,"_links":{"self":[{"href":"https:\/\/www.sudoestehoje.com.br\/novoportal\/wp-json\/wp\/v2\/posts\/65850","targetHints":{"allow":["GET"]}}],"collection":[{"href":"https:\/\/www.sudoestehoje.com.br\/novoportal\/wp-json\/wp\/v2\/posts"}],"about":[{"href":"https:\/\/www.sudoestehoje.com.br\/novoportal\/wp-json\/wp\/v2\/types\/post"}],"author":[{"embeddable":true,"href":"https:\/\/www.sudoestehoje.com.br\/novoportal\/wp-json\/wp\/v2\/users\/2"}],"replies":[{"embeddable":true,"href":"https:\/\/www.sudoestehoje.com.br\/novoportal\/wp-json\/wp\/v2\/comments?post=65850"}],"version-history":[{"count":1,"href":"https:\/\/www.sudoestehoje.com.br\/novoportal\/wp-json\/wp\/v2\/posts\/65850\/revisions"}],"predecessor-version":[{"id":65853,"href":"https:\/\/www.sudoestehoje.com.br\/novoportal\/wp-json\/wp\/v2\/posts\/65850\/revisions\/65853"}],"wp:featuredmedia":[{"embeddable":true,"href":"https:\/\/www.sudoestehoje.com.br\/novoportal\/wp-json\/wp\/v2\/media\/65852"}],"wp:attachment":[{"href":"https:\/\/www.sudoestehoje.com.br\/novoportal\/wp-json\/wp\/v2\/media?parent=65850"}],"wp:term":[{"taxonomy":"category","embeddable":true,"href":"https:\/\/www.sudoestehoje.com.br\/novoportal\/wp-json\/wp\/v2\/categories?post=65850"},{"taxonomy":"post_tag","embeddable":true,"href":"https:\/\/www.sudoestehoje.com.br\/novoportal\/wp-json\/wp\/v2\/tags?post=65850"}],"curies":[{"name":"wp","href":"https:\/\/api.w.org\/{rel}","templated":true}]}}