
{"id":65846,"date":"2017-06-07T09:04:30","date_gmt":"2017-06-07T12:04:30","guid":{"rendered":"http:\/\/www.sudoestehoje.com.br\/novoportal\/?p=65846"},"modified":"2017-06-07T09:04:30","modified_gmt":"2017-06-07T12:04:30","slug":"bahia-pesquisa-aponta-neto-disparado-na-corrida-para-governador-da-bahia","status":"publish","type":"post","link":"https:\/\/www.sudoestehoje.com.br\/novoportal\/2017\/06\/07\/bahia-pesquisa-aponta-neto-disparado-na-corrida-para-governador-da-bahia\/","title":{"rendered":"BAHIA: PESQUISA APONTA NETO DISPARADO NA CORRIDA PARA GOVERNADOR DA BAHIA"},"content":{"rendered":"<div><a href=\"http:\/\/www.sudoestehoje.com.br\/novoportal\/wp-content\/uploads\/2017\/06\/NETO-X-RUI.jpg\"><img loading=\"lazy\" decoding=\"async\" class=\"aligncenter  wp-image-65847\" src=\"http:\/\/www.sudoestehoje.com.br\/novoportal\/wp-content\/uploads\/2017\/06\/NETO-X-RUI-500x336.jpg\" alt=\"\" width=\"499\" height=\"335\" srcset=\"https:\/\/www.sudoestehoje.com.br\/novoportal\/wp-content\/uploads\/2017\/06\/NETO-X-RUI-500x336.jpg 500w, https:\/\/www.sudoestehoje.com.br\/novoportal\/wp-content\/uploads\/2017\/06\/NETO-X-RUI-768x516.jpg 768w, https:\/\/www.sudoestehoje.com.br\/novoportal\/wp-content\/uploads\/2017\/06\/NETO-X-RUI-700x471.jpg 700w, https:\/\/www.sudoestehoje.com.br\/novoportal\/wp-content\/uploads\/2017\/06\/NETO-X-RUI.jpg 800w\" sizes=\"auto, (max-width: 499px) 100vw, 499px\" \/><\/a><\/div>\n<div>\n<p>Um levantamento feito pelo Instituto Paran\u00e1 Pesquisas mostra que o prefeito de Salvador, ACM Neto (DEM), aparece com vantagem sobre o governador Rui Costa (PT) no cen\u00e1rio de disputa pelo Pal\u00e1cio de Ondina em 2018.<\/p>\n<p>Segundo o estudo, o demista lidera a disputa com 54,5%. Em seguida, aparece o governador Rui Costa (PT), com 24,1%, o senador Otto Alencar (PSD) soma 4,7%, e F\u00e1bio Nogueira (Psol) tem 2,9%. \u00a0Indecisos somam 4,3%, e 9,5% n\u00e3o escolheram nenhum dos candidatos.<\/p>\n<p>Em um cen\u00e1rio sem Otto Alencar, Neto lidera novamente com 56,4%, seguido de Rui com 25,8%, e depois surge F\u00e1bio com 3,1%. Indecisos s\u00e3o representados por 4,5%, e 20,2% n\u00e3o escolheram nenhum dos nomes.<\/p>\n<p>Sem o governador da Bahia na disputa, Neto segue na lideran\u00e7a com 65,3%. Otto soma 10,6%, F\u00e1bio 4,5%. N\u00e3o souberam responder 5,1%, e 14,4% n\u00e3o indicaram nenhum dos candidatos.<\/p>\n<p>Ainda segundo o estudo, com Neto fora da disputa, o governador lidera com 47,2%. Otto tem 13,8%, F\u00e1bio 5,7%, indecisos somam 7,5%, e 25,8% n\u00e3o escolheram nenhum nome.<\/p>\n<p>Em eventual segundo turno, com 58,4% das inten\u00e7\u00f5es de voto, Neto venceria Rui, que pontuou 28,8%. N\u00e3o souberam responder representa 3,9%, e 8,9% n\u00e3o escolheriam nenhum.<\/p>\n<p>Durante o estudo foram ouvidos 1510 eleitores, em 70 munic\u00edpios, durante 31 de maio e 4 de junho. A margem de erro \u00e9 de 2,5 pontos percentuais para mais ou para menos.<\/p>\n<\/div>\n","protected":false},"excerpt":{"rendered":"<p>Um levantamento feito pelo Instituto Paran\u00e1 Pesquisas mostra que o prefeito de Salvador, ACM Neto (DEM), aparece com vantagem sobre o governador Rui Costa (PT) no cen\u00e1rio de disputa pelo Pal\u00e1cio de Ondina em 2018. Segundo o estudo, o demista lidera a disputa com 54,5%. Em seguida, aparece o governador Rui Costa (PT), com 24,1%, [&hellip;]<\/p>\n","protected":false},"author":2,"featured_media":65847,"comment_status":"open","ping_status":"open","sticky":false,"template":"","format":"standard","meta":{"footnotes":"","_links_to":"","_links_to_target":""},"categories":[1],"tags":[],"class_list":["post-65846","post","type-post","status-publish","format-standard","has-post-thumbnail","hentry","category-geral"],"views":2111,"_links":{"self":[{"href":"https:\/\/www.sudoestehoje.com.br\/novoportal\/wp-json\/wp\/v2\/posts\/65846","targetHints":{"allow":["GET"]}}],"collection":[{"href":"https:\/\/www.sudoestehoje.com.br\/novoportal\/wp-json\/wp\/v2\/posts"}],"about":[{"href":"https:\/\/www.sudoestehoje.com.br\/novoportal\/wp-json\/wp\/v2\/types\/post"}],"author":[{"embeddable":true,"href":"https:\/\/www.sudoestehoje.com.br\/novoportal\/wp-json\/wp\/v2\/users\/2"}],"replies":[{"embeddable":true,"href":"https:\/\/www.sudoestehoje.com.br\/novoportal\/wp-json\/wp\/v2\/comments?post=65846"}],"version-history":[{"count":2,"href":"https:\/\/www.sudoestehoje.com.br\/novoportal\/wp-json\/wp\/v2\/posts\/65846\/revisions"}],"predecessor-version":[{"id":65849,"href":"https:\/\/www.sudoestehoje.com.br\/novoportal\/wp-json\/wp\/v2\/posts\/65846\/revisions\/65849"}],"wp:featuredmedia":[{"embeddable":true,"href":"https:\/\/www.sudoestehoje.com.br\/novoportal\/wp-json\/wp\/v2\/media\/65847"}],"wp:attachment":[{"href":"https:\/\/www.sudoestehoje.com.br\/novoportal\/wp-json\/wp\/v2\/media?parent=65846"}],"wp:term":[{"taxonomy":"category","embeddable":true,"href":"https:\/\/www.sudoestehoje.com.br\/novoportal\/wp-json\/wp\/v2\/categories?post=65846"},{"taxonomy":"post_tag","embeddable":true,"href":"https:\/\/www.sudoestehoje.com.br\/novoportal\/wp-json\/wp\/v2\/tags?post=65846"}],"curies":[{"name":"wp","href":"https:\/\/api.w.org\/{rel}","templated":true}]}}