
{"id":65839,"date":"2017-06-07T07:21:49","date_gmt":"2017-06-07T10:21:49","guid":{"rendered":"http:\/\/www.sudoestehoje.com.br\/novoportal\/?p=65839"},"modified":"2017-06-07T07:21:49","modified_gmt":"2017-06-07T10:21:49","slug":"caatiba-tania-ribeiro-e-empossada-no-cargo-de-prefeita-do-municipio","status":"publish","type":"post","link":"https:\/\/www.sudoestehoje.com.br\/novoportal\/2017\/06\/07\/caatiba-tania-ribeiro-e-empossada-no-cargo-de-prefeita-do-municipio\/","title":{"rendered":"CAATIBA: T\u00c2NIA RIBEIRO \u00c9 EMPOSSADA NO CARGO DE PREFEITA DO MUNIC\u00cdPIO"},"content":{"rendered":"<p><a href=\"http:\/\/www.sudoestehoje.com.br\/novoportal\/wp-content\/uploads\/2017\/06\/T\u00c2NIA-1.jpg\"><img loading=\"lazy\" decoding=\"async\" class=\"aligncenter size-medium wp-image-65840\" src=\"http:\/\/www.sudoestehoje.com.br\/novoportal\/wp-content\/uploads\/2017\/06\/T\u00c2NIA-1-500x333.jpg\" alt=\"\" width=\"500\" height=\"333\" srcset=\"https:\/\/www.sudoestehoje.com.br\/novoportal\/wp-content\/uploads\/2017\/06\/T\u00c2NIA-1-500x333.jpg 500w, https:\/\/www.sudoestehoje.com.br\/novoportal\/wp-content\/uploads\/2017\/06\/T\u00c2NIA-1-768x512.jpg 768w, https:\/\/www.sudoestehoje.com.br\/novoportal\/wp-content\/uploads\/2017\/06\/T\u00c2NIA-1-700x467.jpg 700w, https:\/\/www.sudoestehoje.com.br\/novoportal\/wp-content\/uploads\/2017\/06\/T\u00c2NIA-1.jpg 960w\" sizes=\"auto, (max-width: 500px) 100vw, 500px\" \/><\/a><\/p>\n<p>Por meio de uma decis\u00e3o un\u00e2nime, proferida em 30 de maio, pelo Tribunal Regional Federal da 1\u00aa Regi\u00e3o, sustando os efeitos do afastamento do cargo, T\u00e2nia Ribeiro \u00e9 autorizada a tomar posse e exercer em plenitude a fun\u00e7\u00e3o para a qual foi legitimamente eleita; prefeita do munic\u00edpio de Caatiba. E, na manh\u00e3 dessa ter\u00e7a-feira (06), Maria T\u00e2nia Ribeiro tomou posse da chefia do executivo municipal.<\/p>\n<p><a href=\"http:\/\/www.sudoestehoje.com.br\/novoportal\/wp-content\/uploads\/2017\/06\/T\u00c2NIA-2.jpg\"><img loading=\"lazy\" decoding=\"async\" class=\"aligncenter size-medium wp-image-65841\" src=\"http:\/\/www.sudoestehoje.com.br\/novoportal\/wp-content\/uploads\/2017\/06\/T\u00c2NIA-2-500x333.jpg\" alt=\"\" width=\"500\" height=\"333\" srcset=\"https:\/\/www.sudoestehoje.com.br\/novoportal\/wp-content\/uploads\/2017\/06\/T\u00c2NIA-2-500x333.jpg 500w, https:\/\/www.sudoestehoje.com.br\/novoportal\/wp-content\/uploads\/2017\/06\/T\u00c2NIA-2-768x512.jpg 768w, https:\/\/www.sudoestehoje.com.br\/novoportal\/wp-content\/uploads\/2017\/06\/T\u00c2NIA-2-700x467.jpg 700w, https:\/\/www.sudoestehoje.com.br\/novoportal\/wp-content\/uploads\/2017\/06\/T\u00c2NIA-2.jpg 960w\" sizes=\"auto, (max-width: 500px) 100vw, 500px\" \/><\/a><\/p>\n<p>A p<span class=\"text_exposed_show\">refeita de Caatiba foi recebida calorosamente na sede da prefeitura, acolhida pela comunidade, pelo vice-prefeito, Paulo Paiva, vereadores, secret\u00e1rios municipais e autoridades eclesi\u00e1sticas. O ato oficial de chegada de T\u00e2nia Ribeiro ocorreu com a devida solenidade, onde foram feitos alguns pronunciamentos, momentos de ora\u00e7\u00e3o e de muita emo\u00e7\u00e3o entre os presentes.<\/span><\/p>\n<p><a href=\"http:\/\/www.sudoestehoje.com.br\/novoportal\/wp-content\/uploads\/2017\/06\/T\u00c2NIA-3.jpg\"><img loading=\"lazy\" decoding=\"async\" class=\"aligncenter size-medium wp-image-65842\" src=\"http:\/\/www.sudoestehoje.com.br\/novoportal\/wp-content\/uploads\/2017\/06\/T\u00c2NIA-3-500x333.jpg\" alt=\"\" width=\"500\" height=\"333\" srcset=\"https:\/\/www.sudoestehoje.com.br\/novoportal\/wp-content\/uploads\/2017\/06\/T\u00c2NIA-3-500x333.jpg 500w, https:\/\/www.sudoestehoje.com.br\/novoportal\/wp-content\/uploads\/2017\/06\/T\u00c2NIA-3-768x512.jpg 768w, https:\/\/www.sudoestehoje.com.br\/novoportal\/wp-content\/uploads\/2017\/06\/T\u00c2NIA-3-700x467.jpg 700w, https:\/\/www.sudoestehoje.com.br\/novoportal\/wp-content\/uploads\/2017\/06\/T\u00c2NIA-3.jpg 960w\" sizes=\"auto, (max-width: 500px) 100vw, 500px\" \/><\/a><\/p>\n<p><span class=\"text_exposed_show\">Assumindo o seu posto de prefeita do munic\u00edpio, T\u00e2nia Ribeiro colocou sua alegria e gratid\u00e3o pela carinhosa e respeitosa receptividade, expressando sua vontade em continuar honrando com a confian\u00e7a que os caatibenses depositaram em seu nome desde o \u00faltimo pleito que a fez Prefeita do seu povo:<\/span><\/p>\n<p><span class=\"text_exposed_show\"><em> \u201cPe\u00e7o a Deus grande sabedoria para enfrentar e vencer os desafios que terei \u00e1 frente da gest\u00e3o do meu munic\u00edpio, sabedora que precisarei da ajuda e contribui\u00e7\u00e3o de todos para conduzir os rumos da nossa cidade, seguirei firme e confiante, na certeza que a vontade do povo prevaleceu.\u201d<\/em> Conclui T\u00e2nia Ribeiro. \/\/Ascom<\/span><\/p>\n","protected":false},"excerpt":{"rendered":"<p>Por meio de uma decis\u00e3o un\u00e2nime, proferida em 30 de maio, pelo Tribunal Regional Federal da 1\u00aa Regi\u00e3o, sustando os efeitos do afastamento do cargo, T\u00e2nia Ribeiro \u00e9 autorizada a tomar posse e exercer em plenitude a fun\u00e7\u00e3o para a qual foi legitimamente eleita; prefeita do munic\u00edpio de Caatiba. E, na manh\u00e3 dessa ter\u00e7a-feira (06), [&hellip;]<\/p>\n","protected":false},"author":2,"featured_media":65840,"comment_status":"open","ping_status":"open","sticky":false,"template":"","format":"standard","meta":{"footnotes":"","_links_to":"","_links_to_target":""},"categories":[1],"tags":[],"class_list":["post-65839","post","type-post","status-publish","format-standard","has-post-thumbnail","hentry","category-geral"],"views":2689,"_links":{"self":[{"href":"https:\/\/www.sudoestehoje.com.br\/novoportal\/wp-json\/wp\/v2\/posts\/65839","targetHints":{"allow":["GET"]}}],"collection":[{"href":"https:\/\/www.sudoestehoje.com.br\/novoportal\/wp-json\/wp\/v2\/posts"}],"about":[{"href":"https:\/\/www.sudoestehoje.com.br\/novoportal\/wp-json\/wp\/v2\/types\/post"}],"author":[{"embeddable":true,"href":"https:\/\/www.sudoestehoje.com.br\/novoportal\/wp-json\/wp\/v2\/users\/2"}],"replies":[{"embeddable":true,"href":"https:\/\/www.sudoestehoje.com.br\/novoportal\/wp-json\/wp\/v2\/comments?post=65839"}],"version-history":[{"count":3,"href":"https:\/\/www.sudoestehoje.com.br\/novoportal\/wp-json\/wp\/v2\/posts\/65839\/revisions"}],"predecessor-version":[{"id":65845,"href":"https:\/\/www.sudoestehoje.com.br\/novoportal\/wp-json\/wp\/v2\/posts\/65839\/revisions\/65845"}],"wp:featuredmedia":[{"embeddable":true,"href":"https:\/\/www.sudoestehoje.com.br\/novoportal\/wp-json\/wp\/v2\/media\/65840"}],"wp:attachment":[{"href":"https:\/\/www.sudoestehoje.com.br\/novoportal\/wp-json\/wp\/v2\/media?parent=65839"}],"wp:term":[{"taxonomy":"category","embeddable":true,"href":"https:\/\/www.sudoestehoje.com.br\/novoportal\/wp-json\/wp\/v2\/categories?post=65839"},{"taxonomy":"post_tag","embeddable":true,"href":"https:\/\/www.sudoestehoje.com.br\/novoportal\/wp-json\/wp\/v2\/tags?post=65839"}],"curies":[{"name":"wp","href":"https:\/\/api.w.org\/{rel}","templated":true}]}}