
{"id":65804,"date":"2017-06-05T21:26:33","date_gmt":"2017-06-06T00:26:33","guid":{"rendered":"http:\/\/www.sudoestehoje.com.br\/novoportal\/?p=65804"},"modified":"2017-06-05T23:03:35","modified_gmt":"2017-06-06T02:03:35","slug":"nota-de-falecimento-adilson-caribe","status":"publish","type":"post","link":"https:\/\/www.sudoestehoje.com.br\/novoportal\/2017\/06\/05\/nota-de-falecimento-adilson-caribe\/","title":{"rendered":"NOTA DE FALECIMENTO &#8211; ADILSON CARIB\u00c9"},"content":{"rendered":"<p style=\"background: white;\"><a href=\"http:\/\/www.sudoestehoje.com.br\/novoportal\/wp-content\/uploads\/2017\/06\/adilson.jpg\"><img loading=\"lazy\" decoding=\"async\" class=\"aligncenter size-medium wp-image-65805\" src=\"http:\/\/www.sudoestehoje.com.br\/novoportal\/wp-content\/uploads\/2017\/06\/adilson-500x302.jpg\" alt=\"\" width=\"500\" height=\"302\" srcset=\"https:\/\/www.sudoestehoje.com.br\/novoportal\/wp-content\/uploads\/2017\/06\/adilson-500x302.jpg 500w, https:\/\/www.sudoestehoje.com.br\/novoportal\/wp-content\/uploads\/2017\/06\/adilson-768x463.jpg 768w, https:\/\/www.sudoestehoje.com.br\/novoportal\/wp-content\/uploads\/2017\/06\/adilson-700x422.jpg 700w, https:\/\/www.sudoestehoje.com.br\/novoportal\/wp-content\/uploads\/2017\/06\/adilson.jpg 960w\" sizes=\"auto, (max-width: 500px) 100vw, 500px\" \/><\/a><\/p>\n<p style=\"background: white;\"><span style=\"font-family: 'Arial','sans-serif'; color: black;\">Faleceu, nesta segunda-feira (5), o ex-pecuarista Adilson Gusm\u00e3o, conhecido popularmente pelo apelido de &#8220;Carib\u00e9&#8221;, irm\u00e3o do ex-prefeito de Itapetinga, Jos\u00e9 Marcos Gusm\u00e3o, que governou o munic\u00edpio entre 1989 e 1992, e do ex-reitor da Uesb, Pedro Gusm\u00e3o.<\/span><\/p>\n<p style=\"background: white;\"><span style=\"font-family: 'Arial','sans-serif'; color: black;\">Segundo informa\u00e7\u00f5es de familiares, o corpo de Adilson foi encontrado sem vida em sua resid\u00eancia, por volta das 8:30 da manh\u00e3, havendo suspeita de que tenha sido v\u00edtima de um infarto.<\/span><\/p>\n<p style=\"background: white; font-variant-ligatures: normal; font-variant-caps: normal; orphans: 2; text-align: start; widows: 2; -webkit-text-stroke-width: 0px; text-decoration-style: initial; text-decoration-color: initial; word-spacing: 0px;\"><span style=\"font-family: 'Arial','sans-serif'; color: black;\">O corpo est\u00e1 sendo velado no Cerimonial Pax Perfei\u00e7\u00e3o, na Avenida Cinquenten\u00e1rio, e o sepultamento est\u00e1 previsto para as 10:00 horas desta ter\u00e7a (6).<\/span><\/p>\n<p style=\"background: white; font-variant-ligatures: normal; font-variant-caps: normal; orphans: 2; text-align: start; widows: 2; -webkit-text-stroke-width: 0px; text-decoration-style: initial; text-decoration-color: initial; word-spacing: 0px;\">O Sudoeste Hoje lamenta a perda do amigo e manifesta o seu pesar aos familiares de Adilson &#8216;Carib\u00e9&#8217;.<\/p>\n<p style=\"background: white; font-variant-ligatures: normal; font-variant-caps: normal; orphans: 2; text-align: start; widows: 2; -webkit-text-stroke-width: 0px; text-decoration-style: initial; text-decoration-color: initial; word-spacing: 0px;\"><strong><em>Por Davi Ferraz<\/em><\/strong><\/p>\n<p style=\"background: white; font-variant-ligatures: normal; font-variant-caps: normal; orphans: 2; text-align: start; widows: 2; -webkit-text-stroke-width: 0px; text-decoration-style: initial; text-decoration-color: initial; word-spacing: 0px;\"><img decoding=\"async\" src=\"http:\/\/www.sudoestehoje.com.br\/novoportal\/wp-content\/uploads\/2014\/11\/Logomarca-HB-Sementes-500x134.jpg\" alt=\"Resultado de imagem para HB RA\u00c7\u00d5ES ITAPETINGA\" \/><\/p>\n","protected":false},"excerpt":{"rendered":"<p>Faleceu, nesta segunda-feira (5), o ex-pecuarista Adilson Gusm\u00e3o, conhecido popularmente pelo apelido de &#8220;Carib\u00e9&#8221;, irm\u00e3o do ex-prefeito de Itapetinga, Jos\u00e9 Marcos Gusm\u00e3o, que governou o munic\u00edpio entre 1989 e 1992, e do ex-reitor da Uesb, Pedro Gusm\u00e3o. Segundo informa\u00e7\u00f5es de familiares, o corpo de Adilson foi encontrado sem vida em sua resid\u00eancia, por volta das [&hellip;]<\/p>\n","protected":false},"author":2,"featured_media":0,"comment_status":"open","ping_status":"open","sticky":false,"template":"","format":"standard","meta":{"footnotes":"","_links_to":"","_links_to_target":""},"categories":[1],"tags":[],"class_list":["post-65804","post","type-post","status-publish","format-standard","hentry","category-geral"],"views":2037,"_links":{"self":[{"href":"https:\/\/www.sudoestehoje.com.br\/novoportal\/wp-json\/wp\/v2\/posts\/65804","targetHints":{"allow":["GET"]}}],"collection":[{"href":"https:\/\/www.sudoestehoje.com.br\/novoportal\/wp-json\/wp\/v2\/posts"}],"about":[{"href":"https:\/\/www.sudoestehoje.com.br\/novoportal\/wp-json\/wp\/v2\/types\/post"}],"author":[{"embeddable":true,"href":"https:\/\/www.sudoestehoje.com.br\/novoportal\/wp-json\/wp\/v2\/users\/2"}],"replies":[{"embeddable":true,"href":"https:\/\/www.sudoestehoje.com.br\/novoportal\/wp-json\/wp\/v2\/comments?post=65804"}],"version-history":[{"count":3,"href":"https:\/\/www.sudoestehoje.com.br\/novoportal\/wp-json\/wp\/v2\/posts\/65804\/revisions"}],"predecessor-version":[{"id":65816,"href":"https:\/\/www.sudoestehoje.com.br\/novoportal\/wp-json\/wp\/v2\/posts\/65804\/revisions\/65816"}],"wp:attachment":[{"href":"https:\/\/www.sudoestehoje.com.br\/novoportal\/wp-json\/wp\/v2\/media?parent=65804"}],"wp:term":[{"taxonomy":"category","embeddable":true,"href":"https:\/\/www.sudoestehoje.com.br\/novoportal\/wp-json\/wp\/v2\/categories?post=65804"},{"taxonomy":"post_tag","embeddable":true,"href":"https:\/\/www.sudoestehoje.com.br\/novoportal\/wp-json\/wp\/v2\/tags?post=65804"}],"curies":[{"name":"wp","href":"https:\/\/api.w.org\/{rel}","templated":true}]}}