
{"id":65797,"date":"2017-06-05T20:36:11","date_gmt":"2017-06-05T23:36:11","guid":{"rendered":"http:\/\/www.sudoestehoje.com.br\/novoportal\/?p=65797"},"modified":"2017-06-05T23:06:41","modified_gmt":"2017-06-06T02:06:41","slug":"nove-cidades-da-bahia-estao-entre-as-30-mais-violentas-do-brasil","status":"publish","type":"post","link":"https:\/\/www.sudoestehoje.com.br\/novoportal\/2017\/06\/05\/nove-cidades-da-bahia-estao-entre-as-30-mais-violentas-do-brasil\/","title":{"rendered":"NOVE CIDADES DA BAHIA EST\u00c3O ENTRE AS 30 MAIS VIOLENTAS DO BRASIL"},"content":{"rendered":"<p><strong>Lauro de Freitas, na Regi\u00e3o Metropolitana de Salvador, \u00e9 a 2\u00aa cidade mais violenta do Brasil, segundo pesquisa do IPEA.<\/strong><\/p>\n<p><a href=\"http:\/\/www.sudoestehoje.com.br\/novoportal\/wp-content\/uploads\/2017\/06\/LAURO-DE-FREITAS.jpg\"><img loading=\"lazy\" decoding=\"async\" class=\"aligncenter size-medium wp-image-65799\" src=\"http:\/\/www.sudoestehoje.com.br\/novoportal\/wp-content\/uploads\/2017\/06\/LAURO-DE-FREITAS-500x282.jpg\" alt=\"\" width=\"500\" height=\"282\" srcset=\"https:\/\/www.sudoestehoje.com.br\/novoportal\/wp-content\/uploads\/2017\/06\/LAURO-DE-FREITAS-500x282.jpg 500w, https:\/\/www.sudoestehoje.com.br\/novoportal\/wp-content\/uploads\/2017\/06\/LAURO-DE-FREITAS-768x432.jpg 768w, https:\/\/www.sudoestehoje.com.br\/novoportal\/wp-content\/uploads\/2017\/06\/LAURO-DE-FREITAS-700x394.jpg 700w, https:\/\/www.sudoestehoje.com.br\/novoportal\/wp-content\/uploads\/2017\/06\/LAURO-DE-FREITAS.jpg 984w\" sizes=\"auto, (max-width: 500px) 100vw, 500px\" \/><\/a><\/p>\n<p>Segundo o Atlas da Viol\u00eancia 2017, divulgado pelo Instituto de Pesquisa Econ\u00f4mica Aplicada (Ipea) nesta segunda-feira (5), 9 cidades da Bahia aparecem entre as 30 mais violentas do Brasil. Lauro de Freitas, Sim\u00f5es Filho, Teixeira de Freitas e Porto Seguro aparecem com as maiores taxas de homic\u00eddios do estado, contabilizando as taxas de homic\u00eddios e mortes violentas com causa indeterminada (MVCI), a cada 100 mil habitantes.<\/p>\n<p>Os dados, produzidos pela Ipea em parceria com o F\u00f3rum Brasileiro de Seguran\u00e7a P\u00fablica (FBSP), levam em considera\u00e7\u00e3o o per\u00edodo entre 2005 e 2015. No atlas, uma lista com os 30 munic\u00edpios mais violentos do pa\u00eds considera apenas as mortes que aconteceram em 2015.<\/p>\n<p>Neste ano, Lauro de Freitas, na Regi\u00e3o Metropolitana de Salvador (RMS), teve 177 homic\u00eddios \u2013 n\u00famero menor do que outras cidades \u2013, mas na porcentagem com a popula\u00e7\u00e3o, tem uma taxa de 92,5% de homic\u00eddios e 5,2% de MVCI. J\u00e1 Sim\u00f5es Filho, tamb\u00e9m na RMS, teve 112 homic\u00eddios, com taxa de 84,1%, mais 8,3% de MVCI, contabilizando o total de 92,3%.<\/p>\n<p>Em s\u00e9timo lugar, aparece Teixeira de Freitas, no Sul do estado, teve 114 homic\u00eddios, com 72,2%, e 15,8% de MVCI, totalizando 88,1%. Em nono lugar, Porto Seguro, tamb\u00e9m no Sul da Bahia, teve 123 homic\u00eddios, com taxa de 84,6%, 1,4% de MVCI, totalizando 86%.<\/p>\n<p>De acordo com o Atlas, apenas 2% dos munic\u00edpios brasileiros (111) respondiam, em 2015, por metade dos casos de homic\u00eddio no pa\u00eds, e 10% dos munic\u00edpios (557) concentraram 76,5% do total de mortes. Os estados que apresentaram crescimento superior a 100% nas taxas de homic\u00eddio s\u00e3o das regi\u00f5es Norte e Nordeste.<\/p>\n<p><a href=\"http:\/\/www.sudoestehoje.com.br\/novoportal\/wp-content\/uploads\/2017\/06\/ranking.jpg\"><img loading=\"lazy\" decoding=\"async\" class=\"aligncenter wp-image-65798\" src=\"http:\/\/www.sudoestehoje.com.br\/novoportal\/wp-content\/uploads\/2017\/06\/ranking-500x313.jpg\" alt=\"\" width=\"502\" height=\"314\" srcset=\"https:\/\/www.sudoestehoje.com.br\/novoportal\/wp-content\/uploads\/2017\/06\/ranking-500x313.jpg 500w, https:\/\/www.sudoestehoje.com.br\/novoportal\/wp-content\/uploads\/2017\/06\/ranking-768x481.jpg 768w, https:\/\/www.sudoestehoje.com.br\/novoportal\/wp-content\/uploads\/2017\/06\/ranking-700x438.jpg 700w, https:\/\/www.sudoestehoje.com.br\/novoportal\/wp-content\/uploads\/2017\/06\/ranking.jpg 1600w\" sizes=\"auto, (max-width: 502px) 100vw, 502px\" \/><\/a><\/p>\n<p><img decoding=\"async\" src=\"http:\/\/www.sudoestehoje.com.br\/novoportal\/wp-content\/uploads\/2017\/05\/CRISTO-PLANSERV-500x167.jpg\" \/><\/p>\n","protected":false},"excerpt":{"rendered":"<p>Lauro de Freitas, na Regi\u00e3o Metropolitana de Salvador, \u00e9 a 2\u00aa cidade mais violenta do Brasil, segundo pesquisa do IPEA. Segundo o Atlas da Viol\u00eancia 2017, divulgado pelo Instituto de Pesquisa Econ\u00f4mica Aplicada (Ipea) nesta segunda-feira (5), 9 cidades da Bahia aparecem entre as 30 mais violentas do Brasil. Lauro de Freitas, Sim\u00f5es Filho, Teixeira [&hellip;]<\/p>\n","protected":false},"author":2,"featured_media":65799,"comment_status":"open","ping_status":"open","sticky":false,"template":"","format":"standard","meta":{"footnotes":"","_links_to":"","_links_to_target":""},"categories":[1],"tags":[],"class_list":["post-65797","post","type-post","status-publish","format-standard","has-post-thumbnail","hentry","category-geral"],"views":2088,"_links":{"self":[{"href":"https:\/\/www.sudoestehoje.com.br\/novoportal\/wp-json\/wp\/v2\/posts\/65797","targetHints":{"allow":["GET"]}}],"collection":[{"href":"https:\/\/www.sudoestehoje.com.br\/novoportal\/wp-json\/wp\/v2\/posts"}],"about":[{"href":"https:\/\/www.sudoestehoje.com.br\/novoportal\/wp-json\/wp\/v2\/types\/post"}],"author":[{"embeddable":true,"href":"https:\/\/www.sudoestehoje.com.br\/novoportal\/wp-json\/wp\/v2\/users\/2"}],"replies":[{"embeddable":true,"href":"https:\/\/www.sudoestehoje.com.br\/novoportal\/wp-json\/wp\/v2\/comments?post=65797"}],"version-history":[{"count":2,"href":"https:\/\/www.sudoestehoje.com.br\/novoportal\/wp-json\/wp\/v2\/posts\/65797\/revisions"}],"predecessor-version":[{"id":65818,"href":"https:\/\/www.sudoestehoje.com.br\/novoportal\/wp-json\/wp\/v2\/posts\/65797\/revisions\/65818"}],"wp:featuredmedia":[{"embeddable":true,"href":"https:\/\/www.sudoestehoje.com.br\/novoportal\/wp-json\/wp\/v2\/media\/65799"}],"wp:attachment":[{"href":"https:\/\/www.sudoestehoje.com.br\/novoportal\/wp-json\/wp\/v2\/media?parent=65797"}],"wp:term":[{"taxonomy":"category","embeddable":true,"href":"https:\/\/www.sudoestehoje.com.br\/novoportal\/wp-json\/wp\/v2\/categories?post=65797"},{"taxonomy":"post_tag","embeddable":true,"href":"https:\/\/www.sudoestehoje.com.br\/novoportal\/wp-json\/wp\/v2\/tags?post=65797"}],"curies":[{"name":"wp","href":"https:\/\/api.w.org\/{rel}","templated":true}]}}