
{"id":65793,"date":"2017-06-05T20:17:29","date_gmt":"2017-06-05T23:17:29","guid":{"rendered":"http:\/\/www.sudoestehoje.com.br\/novoportal\/?p=65793"},"modified":"2017-06-05T20:17:29","modified_gmt":"2017-06-05T23:17:29","slug":"bahia-lidera-numero-de-internacoes-por-queimaduras-com-fogos-de-artificio","status":"publish","type":"post","link":"https:\/\/www.sudoestehoje.com.br\/novoportal\/2017\/06\/05\/bahia-lidera-numero-de-internacoes-por-queimaduras-com-fogos-de-artificio\/","title":{"rendered":"BAHIA LIDERA N\u00daMERO DE INTERNA\u00c7\u00d5ES POR QUEIMADURAS COM FOGOS DE ARTIF\u00cdCIO"},"content":{"rendered":"<p><a href=\"http:\/\/www.sudoestehoje.com.br\/novoportal\/wp-content\/uploads\/2017\/06\/guerra_espadas.jpg\"><img loading=\"lazy\" decoding=\"async\" class=\"aligncenter  wp-image-65795\" src=\"http:\/\/www.sudoestehoje.com.br\/novoportal\/wp-content\/uploads\/2017\/06\/guerra_espadas.jpg\" alt=\"\" width=\"501\" height=\"333\" \/><\/a><\/p>\n<p>A Bahia \u00e9 o estado que lidera o n\u00famero de interna\u00e7\u00f5es relacionadas a acidentes com fogos de artif\u00edcios no Brasil, segundo dados divulgados pelo Conselho Federal de Medicina, que tem como base dados do Sistema \u00danico de Sa\u00fade (SUS). De um total de 4.577 ocorr\u00eancias do tipo em todo o pa\u00eds, que foram registradas entre os anos de 2008 e 2016, 961 foram notificadas no estado baiano.<\/p>\n<p>Depois da Bahia, o maior registro de interna\u00e7\u00f5es ocorre em S\u00e3o Paulo (850) e em Minas Gerais (640). No per\u00edodo analisado, 83 pessoas morreram no Brasil v\u00edtimas de queimaduras provocadas por fogos de artif\u00edcio.<\/p>\n<p>Na Bahia, as estat\u00edsticas mostram que o n\u00famero de pessoas internadas por acidentes com fogos aumenta at\u00e9 cinco vezes no m\u00eas de junho em compara\u00e7\u00e3o com os outros meses. \u201cFestejo junino com bebida alco\u00f3lica e fogos de artif\u00edcio, por isso esse aumento na m\u00e9dia hist\u00f3rica em junho\u201d, explica Marcus Vin\u00edcius Barroso, coordenador do Centros de Tratamento de Queimados de Salvador (CTQ), no Hospital Geral do Estado (HGE). No CTQ, o n\u00famero de interna\u00e7\u00f5es aumenta 40% neste per\u00edodo do ano. \/\/\u00a0<em>Informa\u00e7\u00f5es do G1<\/em><\/p>\n","protected":false},"excerpt":{"rendered":"<p>A Bahia \u00e9 o estado que lidera o n\u00famero de interna\u00e7\u00f5es relacionadas a acidentes com fogos de artif\u00edcios no Brasil, segundo dados divulgados pelo Conselho Federal de Medicina, que tem como base dados do Sistema \u00danico de Sa\u00fade (SUS). De um total de 4.577 ocorr\u00eancias do tipo em todo o pa\u00eds, que foram registradas entre [&hellip;]<\/p>\n","protected":false},"author":2,"featured_media":65795,"comment_status":"open","ping_status":"open","sticky":false,"template":"","format":"standard","meta":{"footnotes":"","_links_to":"","_links_to_target":""},"categories":[1],"tags":[],"class_list":["post-65793","post","type-post","status-publish","format-standard","has-post-thumbnail","hentry","category-geral"],"views":2566,"_links":{"self":[{"href":"https:\/\/www.sudoestehoje.com.br\/novoportal\/wp-json\/wp\/v2\/posts\/65793","targetHints":{"allow":["GET"]}}],"collection":[{"href":"https:\/\/www.sudoestehoje.com.br\/novoportal\/wp-json\/wp\/v2\/posts"}],"about":[{"href":"https:\/\/www.sudoestehoje.com.br\/novoportal\/wp-json\/wp\/v2\/types\/post"}],"author":[{"embeddable":true,"href":"https:\/\/www.sudoestehoje.com.br\/novoportal\/wp-json\/wp\/v2\/users\/2"}],"replies":[{"embeddable":true,"href":"https:\/\/www.sudoestehoje.com.br\/novoportal\/wp-json\/wp\/v2\/comments?post=65793"}],"version-history":[{"count":2,"href":"https:\/\/www.sudoestehoje.com.br\/novoportal\/wp-json\/wp\/v2\/posts\/65793\/revisions"}],"predecessor-version":[{"id":65796,"href":"https:\/\/www.sudoestehoje.com.br\/novoportal\/wp-json\/wp\/v2\/posts\/65793\/revisions\/65796"}],"wp:featuredmedia":[{"embeddable":true,"href":"https:\/\/www.sudoestehoje.com.br\/novoportal\/wp-json\/wp\/v2\/media\/65795"}],"wp:attachment":[{"href":"https:\/\/www.sudoestehoje.com.br\/novoportal\/wp-json\/wp\/v2\/media?parent=65793"}],"wp:term":[{"taxonomy":"category","embeddable":true,"href":"https:\/\/www.sudoestehoje.com.br\/novoportal\/wp-json\/wp\/v2\/categories?post=65793"},{"taxonomy":"post_tag","embeddable":true,"href":"https:\/\/www.sudoestehoje.com.br\/novoportal\/wp-json\/wp\/v2\/tags?post=65793"}],"curies":[{"name":"wp","href":"https:\/\/api.w.org\/{rel}","templated":true}]}}