
{"id":65756,"date":"2017-06-03T20:25:11","date_gmt":"2017-06-03T23:25:11","guid":{"rendered":"http:\/\/www.sudoestehoje.com.br\/novoportal\/?p=65756"},"modified":"2017-06-04T16:27:16","modified_gmt":"2017-06-04T19:27:16","slug":"erro-historico-mercado-municipal-de-itapetinga-foi-demolido-pra-nada","status":"publish","type":"post","link":"https:\/\/www.sudoestehoje.com.br\/novoportal\/2017\/06\/03\/erro-historico-mercado-municipal-de-itapetinga-foi-demolido-pra-nada\/","title":{"rendered":"ERRO HIST\u00d3RICO: MERCADO MUNICIPAL DE ITAPETINGA FOI DEMOLIDO PRA NADA"},"content":{"rendered":"<p><a href=\"http:\/\/www.sudoestehoje.com.br\/novoportal\/wp-content\/uploads\/2017\/06\/mercado-municipal.jpg\"><img loading=\"lazy\" decoding=\"async\" class=\"aligncenter size-medium wp-image-65757\" src=\"http:\/\/www.sudoestehoje.com.br\/novoportal\/wp-content\/uploads\/2017\/06\/mercado-municipal-500x394.jpg\" alt=\"\" width=\"500\" height=\"394\" srcset=\"https:\/\/www.sudoestehoje.com.br\/novoportal\/wp-content\/uploads\/2017\/06\/mercado-municipal-500x394.jpg 500w, https:\/\/www.sudoestehoje.com.br\/novoportal\/wp-content\/uploads\/2017\/06\/mercado-municipal.jpg 503w\" sizes=\"auto, (max-width: 500px) 100vw, 500px\" \/><\/a><\/p>\n<p>Sempre que \u00e9 postada nas redes sociais uma foto do antigo Mercado Municipal de Itapetinga, nota-se uma verdadeira indigna\u00e7\u00e3o por parte dos internautas, que n\u00e3o compreendem os motivos que levaram o ex-prefeito Jos\u00e9 Marcos Gusm\u00e3o (1989 a 1992) a derrub\u00e1-lo e construir em seu lugar em jardim sem gra\u00e7a e sem nenhuma serventia.<\/p>\n<p>Durante o seu primeiro mandato, o ex-prefeito Michel Hagge construiu a Central de Abastecimento I, deixando para o seu sucessor ((Z\u00e9 Marcos) a tarefa de transferir os comerciantes do antigo mercado e os feirantes, para o novo local.<\/p>\n<p>A ideia de Michel, entretanto, era reformar o velho mercado e transform\u00e1-lo em um centro de artesanato e lazer, como forma de gerar novas oportunidades para artes\u00e3os, costureiras, propriet\u00e1rios de lanchonetes, bares, etc.<\/p>\n<p>Depois da desocupa\u00e7\u00e3o e mudan\u00e7a para a nova central, o mercado ficou totalmente abandonado por mais de 1 ano, servindo de abrigo para mendigos, b\u00eabados e marginais, o que gerou in\u00fameras reclama\u00e7\u00f5es de comerciantes e moradores.<\/p>\n<p>Surpreendentemente, o prefeito Z\u00e9 Marcos optou pela demoli\u00e7\u00e3o, alegando que as paredes estavam impregnadas de sal, abandonando, assim, o antigo prop\u00f3sito da restaura\u00e7\u00e3o.<\/p>\n<p>Contam que as telhas foram doadas \u00e0 popula\u00e7\u00e3o pobre e que as imensas pe\u00e7as de madeira nobre (Ip\u00ea) que sustentavam o telhado, viraram curral em alguma fazenda da regi\u00e3o&#8230;<\/p>\n<p>Foi isso a\u00ed&#8230;<\/p>\n<p><strong><em>Por Davi Ferraz<\/em><\/strong><\/p>\n","protected":false},"excerpt":{"rendered":"<p>Sempre que \u00e9 postada nas redes sociais uma foto do antigo Mercado Municipal de Itapetinga, nota-se uma verdadeira indigna\u00e7\u00e3o por parte dos internautas, que n\u00e3o compreendem os motivos que levaram o ex-prefeito Jos\u00e9 Marcos Gusm\u00e3o (1989 a 1992) a derrub\u00e1-lo e construir em seu lugar em jardim sem gra\u00e7a e sem nenhuma serventia. Durante o [&hellip;]<\/p>\n","protected":false},"author":2,"featured_media":65757,"comment_status":"open","ping_status":"open","sticky":false,"template":"","format":"standard","meta":{"footnotes":"","_links_to":"","_links_to_target":""},"categories":[1],"tags":[],"class_list":["post-65756","post","type-post","status-publish","format-standard","has-post-thumbnail","hentry","category-geral"],"views":5502,"_links":{"self":[{"href":"https:\/\/www.sudoestehoje.com.br\/novoportal\/wp-json\/wp\/v2\/posts\/65756","targetHints":{"allow":["GET"]}}],"collection":[{"href":"https:\/\/www.sudoestehoje.com.br\/novoportal\/wp-json\/wp\/v2\/posts"}],"about":[{"href":"https:\/\/www.sudoestehoje.com.br\/novoportal\/wp-json\/wp\/v2\/types\/post"}],"author":[{"embeddable":true,"href":"https:\/\/www.sudoestehoje.com.br\/novoportal\/wp-json\/wp\/v2\/users\/2"}],"replies":[{"embeddable":true,"href":"https:\/\/www.sudoestehoje.com.br\/novoportal\/wp-json\/wp\/v2\/comments?post=65756"}],"version-history":[{"count":3,"href":"https:\/\/www.sudoestehoje.com.br\/novoportal\/wp-json\/wp\/v2\/posts\/65756\/revisions"}],"predecessor-version":[{"id":65760,"href":"https:\/\/www.sudoestehoje.com.br\/novoportal\/wp-json\/wp\/v2\/posts\/65756\/revisions\/65760"}],"wp:featuredmedia":[{"embeddable":true,"href":"https:\/\/www.sudoestehoje.com.br\/novoportal\/wp-json\/wp\/v2\/media\/65757"}],"wp:attachment":[{"href":"https:\/\/www.sudoestehoje.com.br\/novoportal\/wp-json\/wp\/v2\/media?parent=65756"}],"wp:term":[{"taxonomy":"category","embeddable":true,"href":"https:\/\/www.sudoestehoje.com.br\/novoportal\/wp-json\/wp\/v2\/categories?post=65756"},{"taxonomy":"post_tag","embeddable":true,"href":"https:\/\/www.sudoestehoje.com.br\/novoportal\/wp-json\/wp\/v2\/tags?post=65756"}],"curies":[{"name":"wp","href":"https:\/\/api.w.org\/{rel}","templated":true}]}}