
{"id":65753,"date":"2017-06-03T19:41:29","date_gmt":"2017-06-03T22:41:29","guid":{"rendered":"http:\/\/www.sudoestehoje.com.br\/novoportal\/?p=65753"},"modified":"2017-06-03T19:41:29","modified_gmt":"2017-06-03T22:41:29","slug":"de-agua-pra-vinho-agora-o-pt-da-bahia-quer-que-temer-fique","status":"publish","type":"post","link":"https:\/\/www.sudoestehoje.com.br\/novoportal\/2017\/06\/03\/de-agua-pra-vinho-agora-o-pt-da-bahia-quer-que-temer-fique\/","title":{"rendered":"DE \u00c1GUA PRA VINHO: AGORA O PT DA BAHIA QUER QUE TEMER FIQUE"},"content":{"rendered":"<p><a href=\"http:\/\/www.sudoestehoje.com.br\/novoportal\/wp-content\/uploads\/2017\/06\/JW-e-Otto-448x336.jpg\"><img loading=\"lazy\" decoding=\"async\" class=\"aligncenter  wp-image-65754\" src=\"http:\/\/www.sudoestehoje.com.br\/novoportal\/wp-content\/uploads\/2017\/06\/JW-e-Otto-448x336.jpg\" alt=\"\" width=\"501\" height=\"376\" \/><\/a><\/p>\n<p><strong>Leg\u00edtimo<\/strong><\/p>\n<p>O PT baiano mudou o tom em rela\u00e7\u00e3o \u00e0 sa\u00edda de Temer. Jacques Wagner, secret\u00e1rio de Desenvolvimento e articulador pol\u00edtico de Rui Costa, disse que se \u00e9 para ter elei\u00e7\u00f5es diretas \u00e9 mais leg\u00edtimo que Temer fique.<\/p>\n<p><strong>Otto reage<\/strong><\/p>\n<p>O senador Otto Alencar (PSD) rebateu Wagner disse que ele estava tendo \u201clapso verbal\u201d (sic) e que Temer n\u00e3o podia ser respaldado por ter rela\u00e7\u00f5es esp\u00farias e corruptas.<\/p>\n<p><strong>A m\u00eddia<\/strong><\/p>\n<p>Apesar da rea\u00e7\u00e3o de Otto, alguns jornais e sites de Salvador amanheceram com a tese de que a economia pode salvar Temer e fizeram manchete com a declara\u00e7\u00e3o de Wagner de que Temer \u00e9 mais leg\u00edtimo.<\/p>\n<p><strong>Maquiavel<\/strong><\/p>\n<p>O que ser\u00e1 que mudou t\u00e3o rapidamente assim? Antes era fora \u201cgolpista\u201d. Bom, talvez o PT ache que com Temer no poder seja mais f\u00e1cil para uma elei\u00e7\u00e3o em que Lula possa concorrer. Mas no balan\u00e7o do dia e das horas tudo pode mudar\u2026\u2060\u2060\u2060\u2060 \/\/ Toda Bahia<\/p>\n","protected":false},"excerpt":{"rendered":"<p>Leg\u00edtimo O PT baiano mudou o tom em rela\u00e7\u00e3o \u00e0 sa\u00edda de Temer. Jacques Wagner, secret\u00e1rio de Desenvolvimento e articulador pol\u00edtico de Rui Costa, disse que se \u00e9 para ter elei\u00e7\u00f5es diretas \u00e9 mais leg\u00edtimo que Temer fique. Otto reage O senador Otto Alencar (PSD) rebateu Wagner disse que ele estava tendo \u201clapso verbal\u201d (sic) [&hellip;]<\/p>\n","protected":false},"author":2,"featured_media":65754,"comment_status":"open","ping_status":"open","sticky":false,"template":"","format":"standard","meta":{"footnotes":"","_links_to":"","_links_to_target":""},"categories":[1],"tags":[],"class_list":["post-65753","post","type-post","status-publish","format-standard","has-post-thumbnail","hentry","category-geral"],"views":1504,"_links":{"self":[{"href":"https:\/\/www.sudoestehoje.com.br\/novoportal\/wp-json\/wp\/v2\/posts\/65753","targetHints":{"allow":["GET"]}}],"collection":[{"href":"https:\/\/www.sudoestehoje.com.br\/novoportal\/wp-json\/wp\/v2\/posts"}],"about":[{"href":"https:\/\/www.sudoestehoje.com.br\/novoportal\/wp-json\/wp\/v2\/types\/post"}],"author":[{"embeddable":true,"href":"https:\/\/www.sudoestehoje.com.br\/novoportal\/wp-json\/wp\/v2\/users\/2"}],"replies":[{"embeddable":true,"href":"https:\/\/www.sudoestehoje.com.br\/novoportal\/wp-json\/wp\/v2\/comments?post=65753"}],"version-history":[{"count":1,"href":"https:\/\/www.sudoestehoje.com.br\/novoportal\/wp-json\/wp\/v2\/posts\/65753\/revisions"}],"predecessor-version":[{"id":65755,"href":"https:\/\/www.sudoestehoje.com.br\/novoportal\/wp-json\/wp\/v2\/posts\/65753\/revisions\/65755"}],"wp:featuredmedia":[{"embeddable":true,"href":"https:\/\/www.sudoestehoje.com.br\/novoportal\/wp-json\/wp\/v2\/media\/65754"}],"wp:attachment":[{"href":"https:\/\/www.sudoestehoje.com.br\/novoportal\/wp-json\/wp\/v2\/media?parent=65753"}],"wp:term":[{"taxonomy":"category","embeddable":true,"href":"https:\/\/www.sudoestehoje.com.br\/novoportal\/wp-json\/wp\/v2\/categories?post=65753"},{"taxonomy":"post_tag","embeddable":true,"href":"https:\/\/www.sudoestehoje.com.br\/novoportal\/wp-json\/wp\/v2\/tags?post=65753"}],"curies":[{"name":"wp","href":"https:\/\/api.w.org\/{rel}","templated":true}]}}