
{"id":6575,"date":"2011-07-08T14:43:18","date_gmt":"2011-07-08T17:43:18","guid":{"rendered":"http:\/\/www.sudoestehoje.com.br\/novoportal\/?p=6575"},"modified":"2011-07-08T14:43:18","modified_gmt":"2011-07-08T17:43:18","slug":"tiririca-cotado-para-ministerio-dos-transportes","status":"publish","type":"post","link":"https:\/\/www.sudoestehoje.com.br\/novoportal\/2011\/07\/08\/tiririca-cotado-para-ministerio-dos-transportes\/","title":{"rendered":"TIRIRICA COTADO PARA MINIST\u00c9RIO DOS TRANSPORTES"},"content":{"rendered":"<p style=\"text-align: center;\"><a href=\"http:\/\/www.robsonpiresxerife.com\/blog\/wp-content\/uploads\/2010\/10\/tiririca-congresso.jpg\"><img loading=\"lazy\" decoding=\"async\" title=\"tiririca congresso\" src=\"http:\/\/www.robsonpiresxerife.com\/blog\/wp-content\/uploads\/2010\/10\/tiririca-congresso-1024x705.jpg\" alt=\"\" width=\"440\" height=\"304\" \/><\/a><\/p>\n<p>\u00a0<\/p>\n<p>Em meio \u00e0s especula\u00e7\u00f5es quanto ao substituto de Alfredo Nascimento no Minist\u00e9rio dos Transportes, um nome surpreende \u2013 o do deputado Francisco Everardo Oliveira Silva, o Tiririca (PR-SP). A indica\u00e7\u00e3o do parlamentar-palha\u00e7o foi sugerida pelo colega de partido, Anthony Garotinho (PR-RJ), como uma alternativa para acabar com a crise que se instaurou no governo.<\/p>\n<p>\u201c<em>Dizem que a presidente Dilma Rousseff anda nervosa, aborrecida, estressada. Se eu fosse ela, nomeava o Tiririca. Pelo menos ela se divertiria\u201d, <\/em>declarou ao jornal Folha de S\u00e3o Paulo. Nascimento, o ex-titular da pasta, deixou o minist\u00e9rio na quarta-feira (6), ap\u00f3s acusa\u00e7\u00f5es de superfaturamento de obras e recebimento de propina. Folha<\/p>\n","protected":false},"excerpt":{"rendered":"<p>\u00a0 Em meio \u00e0s especula\u00e7\u00f5es quanto ao substituto de Alfredo Nascimento no Minist\u00e9rio dos Transportes, um nome surpreende \u2013 o do deputado Francisco Everardo Oliveira Silva, o Tiririca (PR-SP). A indica\u00e7\u00e3o do parlamentar-palha\u00e7o foi sugerida pelo colega de partido, Anthony Garotinho (PR-RJ), como uma alternativa para acabar com a crise que se instaurou no governo. [&hellip;]<\/p>\n","protected":false},"author":2,"featured_media":0,"comment_status":"open","ping_status":"open","sticky":false,"template":"","format":"standard","meta":{"footnotes":"","_links_to":"","_links_to_target":""},"categories":[1],"tags":[],"class_list":["post-6575","post","type-post","status-publish","format-standard","hentry","category-geral"],"views":1285,"_links":{"self":[{"href":"https:\/\/www.sudoestehoje.com.br\/novoportal\/wp-json\/wp\/v2\/posts\/6575","targetHints":{"allow":["GET"]}}],"collection":[{"href":"https:\/\/www.sudoestehoje.com.br\/novoportal\/wp-json\/wp\/v2\/posts"}],"about":[{"href":"https:\/\/www.sudoestehoje.com.br\/novoportal\/wp-json\/wp\/v2\/types\/post"}],"author":[{"embeddable":true,"href":"https:\/\/www.sudoestehoje.com.br\/novoportal\/wp-json\/wp\/v2\/users\/2"}],"replies":[{"embeddable":true,"href":"https:\/\/www.sudoestehoje.com.br\/novoportal\/wp-json\/wp\/v2\/comments?post=6575"}],"version-history":[{"count":3,"href":"https:\/\/www.sudoestehoje.com.br\/novoportal\/wp-json\/wp\/v2\/posts\/6575\/revisions"}],"predecessor-version":[{"id":6578,"href":"https:\/\/www.sudoestehoje.com.br\/novoportal\/wp-json\/wp\/v2\/posts\/6575\/revisions\/6578"}],"wp:attachment":[{"href":"https:\/\/www.sudoestehoje.com.br\/novoportal\/wp-json\/wp\/v2\/media?parent=6575"}],"wp:term":[{"taxonomy":"category","embeddable":true,"href":"https:\/\/www.sudoestehoje.com.br\/novoportal\/wp-json\/wp\/v2\/categories?post=6575"},{"taxonomy":"post_tag","embeddable":true,"href":"https:\/\/www.sudoestehoje.com.br\/novoportal\/wp-json\/wp\/v2\/tags?post=6575"}],"curies":[{"name":"wp","href":"https:\/\/api.w.org\/{rel}","templated":true}]}}