
{"id":65743,"date":"2017-06-03T18:19:52","date_gmt":"2017-06-03T21:19:52","guid":{"rendered":"http:\/\/www.sudoestehoje.com.br\/novoportal\/?p=65743"},"modified":"2017-06-03T19:01:05","modified_gmt":"2017-06-03T22:01:05","slug":"esporte-atleta-patrocinado-pela-vita-ambiental-luta-hoje-pelo-ufc","status":"publish","type":"post","link":"https:\/\/www.sudoestehoje.com.br\/novoportal\/2017\/06\/03\/esporte-atleta-patrocinado-pela-vita-ambiental-luta-hoje-pelo-ufc\/","title":{"rendered":"ESPORTE: ATLETA PATROCINADO PELA VITA AMBIENTAL LUTA HOJE PELO UFC"},"content":{"rendered":"<p><a href=\"http:\/\/www.sudoestehoje.com.br\/novoportal\/wp-content\/uploads\/2017\/06\/UFC-1.jpg\"><img loading=\"lazy\" decoding=\"async\" class=\"aligncenter size-medium wp-image-65744\" src=\"http:\/\/www.sudoestehoje.com.br\/novoportal\/wp-content\/uploads\/2017\/06\/UFC-1-500x500.jpg\" alt=\"\" width=\"500\" height=\"500\" srcset=\"https:\/\/www.sudoestehoje.com.br\/novoportal\/wp-content\/uploads\/2017\/06\/UFC-1-500x500.jpg 500w, https:\/\/www.sudoestehoje.com.br\/novoportal\/wp-content\/uploads\/2017\/06\/UFC-1-150x150.jpg 150w, https:\/\/www.sudoestehoje.com.br\/novoportal\/wp-content\/uploads\/2017\/06\/UFC-1-768x768.jpg 768w, https:\/\/www.sudoestehoje.com.br\/novoportal\/wp-content\/uploads\/2017\/06\/UFC-1-700x700.jpg 700w, https:\/\/www.sudoestehoje.com.br\/novoportal\/wp-content\/uploads\/2017\/06\/UFC-1.jpg 800w\" sizes=\"auto, (max-width: 500px) 100vw, 500px\" \/><\/a><\/p>\n<p>Hoje \u00e9 dia de disputas pelo UFC e um dos principais atletas que lutar\u00e3o esta noite tem o patroc\u00ednio da empresa itapetinguense VITA AMBIENTAL, dirigida pelo atuante empres\u00e1rio Marco Correa.<\/p>\n<p><a href=\"http:\/\/www.sudoestehoje.com.br\/novoportal\/wp-content\/uploads\/2017\/06\/ufc-3.jpg\"><img loading=\"lazy\" decoding=\"async\" class=\"aligncenter  wp-image-65751\" src=\"http:\/\/www.sudoestehoje.com.br\/novoportal\/wp-content\/uploads\/2017\/06\/ufc-3.jpg\" alt=\"\" width=\"500\" height=\"375\" \/><\/a><\/p>\n<p>Al\u00e9m de atuar no segmento da coleta de res\u00edduos s\u00f3lidos em v\u00e1rios munic\u00edpios, a Vita Ambiental tem se destacado como incentivadora de diversas modalidades de esportes, dentre elas o MMA e UFC, patrocinando o consagrado atleta ERICK SILVA.<\/p>\n<p>Ligue a TV e acompanhe o nosso atleta.<\/p>\n<p><strong><em>Por Davi Ferraz\u00a0<\/em><\/strong><\/p>\n","protected":false},"excerpt":{"rendered":"<p>Hoje \u00e9 dia de disputas pelo UFC e um dos principais atletas que lutar\u00e3o esta noite tem o patroc\u00ednio da empresa itapetinguense VITA AMBIENTAL, dirigida pelo atuante empres\u00e1rio Marco Correa. Al\u00e9m de atuar no segmento da coleta de res\u00edduos s\u00f3lidos em v\u00e1rios munic\u00edpios, a Vita Ambiental tem se destacado como incentivadora de diversas modalidades de [&hellip;]<\/p>\n","protected":false},"author":2,"featured_media":65744,"comment_status":"open","ping_status":"open","sticky":false,"template":"","format":"standard","meta":{"footnotes":"","_links_to":"","_links_to_target":""},"categories":[1],"tags":[],"class_list":["post-65743","post","type-post","status-publish","format-standard","has-post-thumbnail","hentry","category-geral"],"views":2484,"_links":{"self":[{"href":"https:\/\/www.sudoestehoje.com.br\/novoportal\/wp-json\/wp\/v2\/posts\/65743","targetHints":{"allow":["GET"]}}],"collection":[{"href":"https:\/\/www.sudoestehoje.com.br\/novoportal\/wp-json\/wp\/v2\/posts"}],"about":[{"href":"https:\/\/www.sudoestehoje.com.br\/novoportal\/wp-json\/wp\/v2\/types\/post"}],"author":[{"embeddable":true,"href":"https:\/\/www.sudoestehoje.com.br\/novoportal\/wp-json\/wp\/v2\/users\/2"}],"replies":[{"embeddable":true,"href":"https:\/\/www.sudoestehoje.com.br\/novoportal\/wp-json\/wp\/v2\/comments?post=65743"}],"version-history":[{"count":5,"href":"https:\/\/www.sudoestehoje.com.br\/novoportal\/wp-json\/wp\/v2\/posts\/65743\/revisions"}],"predecessor-version":[{"id":65752,"href":"https:\/\/www.sudoestehoje.com.br\/novoportal\/wp-json\/wp\/v2\/posts\/65743\/revisions\/65752"}],"wp:featuredmedia":[{"embeddable":true,"href":"https:\/\/www.sudoestehoje.com.br\/novoportal\/wp-json\/wp\/v2\/media\/65744"}],"wp:attachment":[{"href":"https:\/\/www.sudoestehoje.com.br\/novoportal\/wp-json\/wp\/v2\/media?parent=65743"}],"wp:term":[{"taxonomy":"category","embeddable":true,"href":"https:\/\/www.sudoestehoje.com.br\/novoportal\/wp-json\/wp\/v2\/categories?post=65743"},{"taxonomy":"post_tag","embeddable":true,"href":"https:\/\/www.sudoestehoje.com.br\/novoportal\/wp-json\/wp\/v2\/tags?post=65743"}],"curies":[{"name":"wp","href":"https:\/\/api.w.org\/{rel}","templated":true}]}}