
{"id":65724,"date":"2017-06-02T22:02:41","date_gmt":"2017-06-03T01:02:41","guid":{"rendered":"http:\/\/www.sudoestehoje.com.br\/novoportal\/?p=65724"},"modified":"2017-06-03T00:20:01","modified_gmt":"2017-06-03T03:20:01","slug":"vacina-contra-gripe-sera-liberada-para-toda-a-populacao-a-partir-de-segunda","status":"publish","type":"post","link":"https:\/\/www.sudoestehoje.com.br\/novoportal\/2017\/06\/02\/vacina-contra-gripe-sera-liberada-para-toda-a-populacao-a-partir-de-segunda\/","title":{"rendered":"VACINA CONTRA GRIPE SER\u00c1 LIBERADA PARA TODA POPULA\u00c7\u00c3O A PARTIR DE SEGUNDA"},"content":{"rendered":"<p><a href=\"http:\/\/www.sudoestehoje.com.br\/novoportal\/wp-content\/uploads\/2017\/06\/VACINA-GRIPE.jpg\"><img loading=\"lazy\" decoding=\"async\" class=\"aligncenter size-medium wp-image-65725\" src=\"http:\/\/www.sudoestehoje.com.br\/novoportal\/wp-content\/uploads\/2017\/06\/VACINA-GRIPE-500x322.jpg\" alt=\"\" width=\"500\" height=\"322\" srcset=\"https:\/\/www.sudoestehoje.com.br\/novoportal\/wp-content\/uploads\/2017\/06\/VACINA-GRIPE-500x322.jpg 500w, https:\/\/www.sudoestehoje.com.br\/novoportal\/wp-content\/uploads\/2017\/06\/VACINA-GRIPE.jpg 600w\" sizes=\"auto, (max-width: 500px) 100vw, 500px\" \/><\/a><\/p>\n<p>O Minist\u00e9rio da Sa\u00fade liberou a vacina contra a gripe para toda a popula\u00e7\u00e3o a partir de segunda-feira (5). A vacina estava dispon\u00edvel apenas para grupos priorit\u00e1rios.<\/p>\n<p>O an\u00fancio foi realizado pelo ministro Ricardo Barros nesta sexta (2) no Paran\u00e1. De acordo com informa\u00e7\u00f5es do G1, ainda restam 10 milh\u00f5es de doses de vacina contra a gripe em todo o pa\u00eds.<\/p>\n<p>A campanha contra a gripe segue at\u00e9 a pr\u00f3xima sexta (9).<\/p>\n<p><img decoding=\"async\" src=\"http:\/\/www.sudoestehoje.com.br\/novoportal\/wp-content\/uploads\/2014\/11\/Logomarca-HB-Sementes-500x134.jpg\" alt=\"Resultado de imagem para HB RA\u00c7\u00d5ES ITAPETINGA\" \/><\/p>\n","protected":false},"excerpt":{"rendered":"<p>O Minist\u00e9rio da Sa\u00fade liberou a vacina contra a gripe para toda a popula\u00e7\u00e3o a partir de segunda-feira (5). A vacina estava dispon\u00edvel apenas para grupos priorit\u00e1rios. O an\u00fancio foi realizado pelo ministro Ricardo Barros nesta sexta (2) no Paran\u00e1. De acordo com informa\u00e7\u00f5es do G1, ainda restam 10 milh\u00f5es de doses de vacina contra [&hellip;]<\/p>\n","protected":false},"author":2,"featured_media":65725,"comment_status":"open","ping_status":"open","sticky":false,"template":"","format":"standard","meta":{"footnotes":"","_links_to":"","_links_to_target":""},"categories":[1],"tags":[],"class_list":["post-65724","post","type-post","status-publish","format-standard","has-post-thumbnail","hentry","category-geral"],"views":1313,"_links":{"self":[{"href":"https:\/\/www.sudoestehoje.com.br\/novoportal\/wp-json\/wp\/v2\/posts\/65724","targetHints":{"allow":["GET"]}}],"collection":[{"href":"https:\/\/www.sudoestehoje.com.br\/novoportal\/wp-json\/wp\/v2\/posts"}],"about":[{"href":"https:\/\/www.sudoestehoje.com.br\/novoportal\/wp-json\/wp\/v2\/types\/post"}],"author":[{"embeddable":true,"href":"https:\/\/www.sudoestehoje.com.br\/novoportal\/wp-json\/wp\/v2\/users\/2"}],"replies":[{"embeddable":true,"href":"https:\/\/www.sudoestehoje.com.br\/novoportal\/wp-json\/wp\/v2\/comments?post=65724"}],"version-history":[{"count":5,"href":"https:\/\/www.sudoestehoje.com.br\/novoportal\/wp-json\/wp\/v2\/posts\/65724\/revisions"}],"predecessor-version":[{"id":65739,"href":"https:\/\/www.sudoestehoje.com.br\/novoportal\/wp-json\/wp\/v2\/posts\/65724\/revisions\/65739"}],"wp:featuredmedia":[{"embeddable":true,"href":"https:\/\/www.sudoestehoje.com.br\/novoportal\/wp-json\/wp\/v2\/media\/65725"}],"wp:attachment":[{"href":"https:\/\/www.sudoestehoje.com.br\/novoportal\/wp-json\/wp\/v2\/media?parent=65724"}],"wp:term":[{"taxonomy":"category","embeddable":true,"href":"https:\/\/www.sudoestehoje.com.br\/novoportal\/wp-json\/wp\/v2\/categories?post=65724"},{"taxonomy":"post_tag","embeddable":true,"href":"https:\/\/www.sudoestehoje.com.br\/novoportal\/wp-json\/wp\/v2\/tags?post=65724"}],"curies":[{"name":"wp","href":"https:\/\/api.w.org\/{rel}","templated":true}]}}