
{"id":65721,"date":"2017-06-02T21:29:45","date_gmt":"2017-06-03T00:29:45","guid":{"rendered":"http:\/\/www.sudoestehoje.com.br\/novoportal\/?p=65721"},"modified":"2017-06-03T00:20:53","modified_gmt":"2017-06-03T03:20:53","slug":"aecio-neves-e-denunciado-ao-supremo-por-corrupcao-e-obstrucao-de-justica","status":"publish","type":"post","link":"https:\/\/www.sudoestehoje.com.br\/novoportal\/2017\/06\/02\/aecio-neves-e-denunciado-ao-supremo-por-corrupcao-e-obstrucao-de-justica\/","title":{"rendered":"A\u00c9CIO NEVES \u00c9 DENUNCIADO AO SUPREMO POR CORRUP\u00c7\u00c3O E OBSTRU\u00c7\u00c3O DE JUSTI\u00c7A"},"content":{"rendered":"<p><a href=\"http:\/\/www.sudoestehoje.com.br\/novoportal\/wp-content\/uploads\/2017\/06\/senador-aecio-neves-20131106-0001.jpg\"><img loading=\"lazy\" decoding=\"async\" class=\"aligncenter size-medium wp-image-65722\" src=\"http:\/\/www.sudoestehoje.com.br\/novoportal\/wp-content\/uploads\/2017\/06\/senador-aecio-neves-20131106-0001-500x333.jpg\" alt=\"\" width=\"500\" height=\"333\" srcset=\"https:\/\/www.sudoestehoje.com.br\/novoportal\/wp-content\/uploads\/2017\/06\/senador-aecio-neves-20131106-0001-500x333.jpg 500w, https:\/\/www.sudoestehoje.com.br\/novoportal\/wp-content\/uploads\/2017\/06\/senador-aecio-neves-20131106-0001.jpg 680w\" sizes=\"auto, (max-width: 500px) 100vw, 500px\" \/><\/a><\/p>\n<p>O procurador-geral da Rep\u00fablica, Rodrigo Janot, denunciou pela primeira vez no \u00e2mbito da Opera\u00e7\u00e3o Lava Jato\u00a0o senador afastado A\u00e9cio Neves (PSDB) pelos crimes de corrup\u00e7\u00e3o passiva e obstru\u00e7\u00e3o de Justi\u00e7a. A PGR acusa formalmente o tucano de pedir e receber 2 milh\u00f5es de reais de propina do\u00a0dono da JBS, Joesley Batista, que fechou acordo de dela\u00e7\u00e3o premiada com a procuradoria.<\/p>\n<p>Al\u00e9m de A\u00e9cio, tamb\u00e9m foram denunciados a sua\u00a0irm\u00e3, Andrea Neves; o seu primo Frederico Pacheco; e o advogado Mendherson Souza Lima, ex-assessor do senador Zez\u00e9 Perrela (PMDB-MG) \u2014 os tr\u00eas est\u00e3o presos desde a deflagra\u00e7\u00e3o da Opera\u00e7\u00e3o Patmos na semana retrasada.<\/p>\n<p><img decoding=\"async\" src=\"http:\/\/www.sudoestehoje.com.br\/novoportal\/wp-content\/uploads\/2014\/12\/skala-novo.jpg\" alt=\"Resultado de imagem para skala modas itapetinga\" \/><\/p>\n","protected":false},"excerpt":{"rendered":"<p>O procurador-geral da Rep\u00fablica, Rodrigo Janot, denunciou pela primeira vez no \u00e2mbito da Opera\u00e7\u00e3o Lava Jato\u00a0o senador afastado A\u00e9cio Neves (PSDB) pelos crimes de corrup\u00e7\u00e3o passiva e obstru\u00e7\u00e3o de Justi\u00e7a. A PGR acusa formalmente o tucano de pedir e receber 2 milh\u00f5es de reais de propina do\u00a0dono da JBS, Joesley Batista, que fechou acordo de [&hellip;]<\/p>\n","protected":false},"author":2,"featured_media":65722,"comment_status":"open","ping_status":"open","sticky":false,"template":"","format":"standard","meta":{"footnotes":"","_links_to":"","_links_to_target":""},"categories":[1],"tags":[],"class_list":["post-65721","post","type-post","status-publish","format-standard","has-post-thumbnail","hentry","category-geral"],"views":1270,"_links":{"self":[{"href":"https:\/\/www.sudoestehoje.com.br\/novoportal\/wp-json\/wp\/v2\/posts\/65721","targetHints":{"allow":["GET"]}}],"collection":[{"href":"https:\/\/www.sudoestehoje.com.br\/novoportal\/wp-json\/wp\/v2\/posts"}],"about":[{"href":"https:\/\/www.sudoestehoje.com.br\/novoportal\/wp-json\/wp\/v2\/types\/post"}],"author":[{"embeddable":true,"href":"https:\/\/www.sudoestehoje.com.br\/novoportal\/wp-json\/wp\/v2\/users\/2"}],"replies":[{"embeddable":true,"href":"https:\/\/www.sudoestehoje.com.br\/novoportal\/wp-json\/wp\/v2\/comments?post=65721"}],"version-history":[{"count":2,"href":"https:\/\/www.sudoestehoje.com.br\/novoportal\/wp-json\/wp\/v2\/posts\/65721\/revisions"}],"predecessor-version":[{"id":65740,"href":"https:\/\/www.sudoestehoje.com.br\/novoportal\/wp-json\/wp\/v2\/posts\/65721\/revisions\/65740"}],"wp:featuredmedia":[{"embeddable":true,"href":"https:\/\/www.sudoestehoje.com.br\/novoportal\/wp-json\/wp\/v2\/media\/65722"}],"wp:attachment":[{"href":"https:\/\/www.sudoestehoje.com.br\/novoportal\/wp-json\/wp\/v2\/media?parent=65721"}],"wp:term":[{"taxonomy":"category","embeddable":true,"href":"https:\/\/www.sudoestehoje.com.br\/novoportal\/wp-json\/wp\/v2\/categories?post=65721"},{"taxonomy":"post_tag","embeddable":true,"href":"https:\/\/www.sudoestehoje.com.br\/novoportal\/wp-json\/wp\/v2\/tags?post=65721"}],"curies":[{"name":"wp","href":"https:\/\/api.w.org\/{rel}","templated":true}]}}