
{"id":65717,"date":"2017-06-02T20:57:20","date_gmt":"2017-06-02T23:57:20","guid":{"rendered":"http:\/\/www.sudoestehoje.com.br\/novoportal\/?p=65717"},"modified":"2017-06-03T00:23:53","modified_gmt":"2017-06-03T03:23:53","slug":"medio-sudoeste-sao-joao-de-ibicui-contara-com-esquema-especial-de-seguranca","status":"publish","type":"post","link":"https:\/\/www.sudoestehoje.com.br\/novoportal\/2017\/06\/02\/medio-sudoeste-sao-joao-de-ibicui-contara-com-esquema-especial-de-seguranca\/","title":{"rendered":"M\u00c9DIO SUDOESTE: S\u00c3O JO\u00c3O DE IBICU\u00cd CONTAR\u00c1 COM ESQUEMA ESPECIAL DE SEGURAN\u00c7A"},"content":{"rendered":"<div id=\"yui_3_16_0_1_1496447320589_4271\" class=\"yiv4707100310gmail_quote\">\n<div id=\"yui_3_16_0_1_1496447320589_4270\" dir=\"ltr\">\n<p><a href=\"http:\/\/www.sudoestehoje.com.br\/novoportal\/wp-content\/uploads\/2017\/06\/ibicui.jpg\"><img loading=\"lazy\" decoding=\"async\" class=\"aligncenter size-medium wp-image-65718\" src=\"http:\/\/www.sudoestehoje.com.br\/novoportal\/wp-content\/uploads\/2017\/06\/ibicui-500x366.jpg\" alt=\"\" width=\"500\" height=\"366\" srcset=\"https:\/\/www.sudoestehoje.com.br\/novoportal\/wp-content\/uploads\/2017\/06\/ibicui-500x366.jpg 500w, https:\/\/www.sudoestehoje.com.br\/novoportal\/wp-content\/uploads\/2017\/06\/ibicui.jpg 640w\" sizes=\"auto, (max-width: 500px) 100vw, 500px\" \/><\/a><\/p>\n<p id=\"yui_3_16_0_1_1496447320589_4269\"><span id=\"yui_3_16_0_1_1496447320589_4272\" style=\"color: #000000;\">O prefeito de Ibicu\u00ed, Marcos Galv\u00e3o, se reuniu na tarde desta quinta, 1\u00ba de junho, com representantes da seguran\u00e7a p\u00fablica do Estado da Bahia para o lan\u00e7amento do Plano Integrado de Seguran\u00e7a do S\u00e3o Jo\u00e3o 2017.<\/span><\/p>\n<p><span id=\"yui_3_16_0_1_1496447320589_4272\" style=\"color: #000000;\">O Plano Integrado de Seguran\u00e7a vai contar com guarni\u00e7\u00f5es de unidades especializadas, al\u00e9m das que j\u00e1 comp\u00f5em o policiamento da 8\u00aa CIPM na regi\u00e3o, caminh\u00e3o de monitoramento de grandes eventos da SSP\/BA, r\u00e1dio e moto patrulhamento t\u00e1tico e policiais nos circuitos da festa e em todos os pontos estrat\u00e9gicos do munic\u00edpio. A Pol\u00edcia Militar tamb\u00e9m estar\u00e1 alojada em diversas casas nos bairros de Ibicu\u00ed, aumentando assim a a\u00e7\u00e3o de presen\u00e7a entre os foli\u00f5es.<\/span><\/p>\n<\/div>\n<\/div>\n<div id=\"yui_3_16_0_1_1496447320589_4253\" class=\"yiv4707100310gmail_quote\">\n<div id=\"yui_3_16_0_1_1496447320589_4252\" dir=\"ltr\">\n<p id=\"yui_3_16_0_1_1496447320589_4251\"><span id=\"yui_3_16_0_1_1496447320589_4264\"><span id=\"yui_3_16_0_1_1496447320589_4263\" style=\"color: #000000;\">Estiveram presentes e participaram da reuni\u00e3o o Major Edm\u00e1rio Ara\u00fajo da CIPM; O Sub. Tenente PM Leonardo, comandante do DPM de Ibicu\u00ed; O Capit\u00e3o Encarna\u00e7\u00e3o, da Policia Rodovi\u00e1ria Estadual; O Capit\u00e3o Ant\u00f4nio Carlos, da Cipe Cacaueira; Dr. Roberto J\u00fanior, Coordenador Regional da Policia Civil; o novo delegado respons\u00e1vel pela delegacia de Pol\u00edcia de Ibicu\u00ed, Dr. Luis Eduardo Rolin e o secret\u00e1rio de administra\u00e7\u00e3o, Onildo Junior.<\/span><\/span><\/p>\n<p>O Dr. Roberto J\u00fanior, Coordenador da Policia Civil, assegurou que vai enviar um efetivo de policiais civis para o S\u00e3o Jo\u00e3o de Ibicu\u00ed. Al\u00e9m disso, um grupo de policiais \u00e0 paisana ir\u00e3o trabalhar infiltrados em todos os pontos da festa e do munic\u00edpio. &#8220;O Plano Integrado de seguran\u00e7a vem com o intuito de proporcionar a todos um S\u00e3o Jo\u00e3o da paz. N\u00e3o estamos medindo esfor\u00e7os para que os moradores e turistas possam se divertir e confraternizar com seguran\u00e7a durante os dias de festa&#8221;, lembrou Marcos Galv\u00e3o. \/\/Ascom<\/p>\n<p><img decoding=\"async\" src=\"http:\/\/www.sudoestehoje.com.br\/novoportal\/wp-content\/uploads\/2017\/05\/CRISTO-PLANSERV-500x167.jpg\" \/><\/p>\n<\/div>\n<\/div>\n","protected":false},"excerpt":{"rendered":"<p>O prefeito de Ibicu\u00ed, Marcos Galv\u00e3o, se reuniu na tarde desta quinta, 1\u00ba de junho, com representantes da seguran\u00e7a p\u00fablica do Estado da Bahia para o lan\u00e7amento do Plano Integrado de Seguran\u00e7a do S\u00e3o Jo\u00e3o 2017. O Plano Integrado de Seguran\u00e7a vai contar com guarni\u00e7\u00f5es de unidades especializadas, al\u00e9m das que j\u00e1 comp\u00f5em o policiamento [&hellip;]<\/p>\n","protected":false},"author":2,"featured_media":65718,"comment_status":"open","ping_status":"open","sticky":false,"template":"","format":"standard","meta":{"footnotes":"","_links_to":"","_links_to_target":""},"categories":[1],"tags":[],"class_list":["post-65717","post","type-post","status-publish","format-standard","has-post-thumbnail","hentry","category-geral"],"views":1556,"_links":{"self":[{"href":"https:\/\/www.sudoestehoje.com.br\/novoportal\/wp-json\/wp\/v2\/posts\/65717","targetHints":{"allow":["GET"]}}],"collection":[{"href":"https:\/\/www.sudoestehoje.com.br\/novoportal\/wp-json\/wp\/v2\/posts"}],"about":[{"href":"https:\/\/www.sudoestehoje.com.br\/novoportal\/wp-json\/wp\/v2\/types\/post"}],"author":[{"embeddable":true,"href":"https:\/\/www.sudoestehoje.com.br\/novoportal\/wp-json\/wp\/v2\/users\/2"}],"replies":[{"embeddable":true,"href":"https:\/\/www.sudoestehoje.com.br\/novoportal\/wp-json\/wp\/v2\/comments?post=65717"}],"version-history":[{"count":4,"href":"https:\/\/www.sudoestehoje.com.br\/novoportal\/wp-json\/wp\/v2\/posts\/65717\/revisions"}],"predecessor-version":[{"id":65742,"href":"https:\/\/www.sudoestehoje.com.br\/novoportal\/wp-json\/wp\/v2\/posts\/65717\/revisions\/65742"}],"wp:featuredmedia":[{"embeddable":true,"href":"https:\/\/www.sudoestehoje.com.br\/novoportal\/wp-json\/wp\/v2\/media\/65718"}],"wp:attachment":[{"href":"https:\/\/www.sudoestehoje.com.br\/novoportal\/wp-json\/wp\/v2\/media?parent=65717"}],"wp:term":[{"taxonomy":"category","embeddable":true,"href":"https:\/\/www.sudoestehoje.com.br\/novoportal\/wp-json\/wp\/v2\/categories?post=65717"},{"taxonomy":"post_tag","embeddable":true,"href":"https:\/\/www.sudoestehoje.com.br\/novoportal\/wp-json\/wp\/v2\/tags?post=65717"}],"curies":[{"name":"wp","href":"https:\/\/api.w.org\/{rel}","templated":true}]}}