
{"id":65713,"date":"2017-06-02T10:32:08","date_gmt":"2017-06-02T13:32:08","guid":{"rendered":"http:\/\/www.sudoestehoje.com.br\/novoportal\/?p=65713"},"modified":"2017-06-02T10:32:08","modified_gmt":"2017-06-02T13:32:08","slug":"caatiba-prefeita-eleita-tania-ribeiro-assume-mandato-por-decisao-do-trf-1","status":"publish","type":"post","link":"https:\/\/www.sudoestehoje.com.br\/novoportal\/2017\/06\/02\/caatiba-prefeita-eleita-tania-ribeiro-assume-mandato-por-decisao-do-trf-1\/","title":{"rendered":"CAATIBA: PREFEITA ELEITA T\u00c2NIA RIBEIRO ASSUME MANDATO POR DECIS\u00c3O DO TRF-1"},"content":{"rendered":"<p><a href=\"http:\/\/www.sudoestehoje.com.br\/novoportal\/wp-content\/uploads\/2017\/06\/T\u00e2nia-Caatiba.jpg\"><img loading=\"lazy\" decoding=\"async\" class=\"aligncenter size-medium wp-image-65714\" src=\"http:\/\/www.sudoestehoje.com.br\/novoportal\/wp-content\/uploads\/2017\/06\/T\u00e2nia-Caatiba-500x333.jpg\" alt=\"\" width=\"500\" height=\"333\" srcset=\"https:\/\/www.sudoestehoje.com.br\/novoportal\/wp-content\/uploads\/2017\/06\/T\u00e2nia-Caatiba-500x333.jpg 500w, https:\/\/www.sudoestehoje.com.br\/novoportal\/wp-content\/uploads\/2017\/06\/T\u00e2nia-Caatiba-768x512.jpg 768w, https:\/\/www.sudoestehoje.com.br\/novoportal\/wp-content\/uploads\/2017\/06\/T\u00e2nia-Caatiba-700x467.jpg 700w, https:\/\/www.sudoestehoje.com.br\/novoportal\/wp-content\/uploads\/2017\/06\/T\u00e2nia-Caatiba.jpg 1454w\" sizes=\"auto, (max-width: 500px) 100vw, 500px\" \/><\/a><\/p>\n<p>Eleita com ampla maioria dos votos em 2016, a nova prefeita do munic\u00edpio de Caatiba, T\u00e2nia Ribeiro (PR), ficou impedida de tomar posse em 1\u00ba de janeiro deste ano, em virtude de um afastamento determinado pela Justi\u00e7a Federal, quando ainda era vice-prefeita do munic\u00edpio.<\/p>\n<p>O t\u00e9rmino do afastamento judicial de 180 dias estava previsto para acontecer em 15 de fevereiro deste ano, mas o juiz Federal do caso decidiu prorrogar por mais seis meses, elevando o per\u00edodo do afastamento para um ano.<\/p>\n<p>Durante todo o per\u00edodo, o vice-prefeito\u00a0eleito Lu\u00eds Paulo Souza Paiva assumiu o cargo de chefe do executivo, aguardando nova decis\u00e3o judicial que conduzisse a titular ao cargo, o que s\u00f3 veio ocorrer na \u00faltima ter\u00e7a-feira (30), quando o Tribunal Regional Federal de Brasilia (TRF-1) decidiu, por unanimidade, devolveu o mandato \u00e0 prefeita legitimamente eleita.<\/p>\n<p>T\u00e2nia Ribeiro deve assumir o cargo, oficialmente, no inicio da pr\u00f3xima semana.<\/p>\n<p><strong><em>Por Davi Ferraz<\/em><\/strong><\/p>\n","protected":false},"excerpt":{"rendered":"<p>Eleita com ampla maioria dos votos em 2016, a nova prefeita do munic\u00edpio de Caatiba, T\u00e2nia Ribeiro (PR), ficou impedida de tomar posse em 1\u00ba de janeiro deste ano, em virtude de um afastamento determinado pela Justi\u00e7a Federal, quando ainda era vice-prefeita do munic\u00edpio. O t\u00e9rmino do afastamento judicial de 180 dias estava previsto para [&hellip;]<\/p>\n","protected":false},"author":2,"featured_media":65714,"comment_status":"open","ping_status":"open","sticky":false,"template":"","format":"standard","meta":{"footnotes":"","_links_to":"","_links_to_target":""},"categories":[1],"tags":[],"class_list":["post-65713","post","type-post","status-publish","format-standard","has-post-thumbnail","hentry","category-geral"],"views":5672,"_links":{"self":[{"href":"https:\/\/www.sudoestehoje.com.br\/novoportal\/wp-json\/wp\/v2\/posts\/65713","targetHints":{"allow":["GET"]}}],"collection":[{"href":"https:\/\/www.sudoestehoje.com.br\/novoportal\/wp-json\/wp\/v2\/posts"}],"about":[{"href":"https:\/\/www.sudoestehoje.com.br\/novoportal\/wp-json\/wp\/v2\/types\/post"}],"author":[{"embeddable":true,"href":"https:\/\/www.sudoestehoje.com.br\/novoportal\/wp-json\/wp\/v2\/users\/2"}],"replies":[{"embeddable":true,"href":"https:\/\/www.sudoestehoje.com.br\/novoportal\/wp-json\/wp\/v2\/comments?post=65713"}],"version-history":[{"count":2,"href":"https:\/\/www.sudoestehoje.com.br\/novoportal\/wp-json\/wp\/v2\/posts\/65713\/revisions"}],"predecessor-version":[{"id":65716,"href":"https:\/\/www.sudoestehoje.com.br\/novoportal\/wp-json\/wp\/v2\/posts\/65713\/revisions\/65716"}],"wp:featuredmedia":[{"embeddable":true,"href":"https:\/\/www.sudoestehoje.com.br\/novoportal\/wp-json\/wp\/v2\/media\/65714"}],"wp:attachment":[{"href":"https:\/\/www.sudoestehoje.com.br\/novoportal\/wp-json\/wp\/v2\/media?parent=65713"}],"wp:term":[{"taxonomy":"category","embeddable":true,"href":"https:\/\/www.sudoestehoje.com.br\/novoportal\/wp-json\/wp\/v2\/categories?post=65713"},{"taxonomy":"post_tag","embeddable":true,"href":"https:\/\/www.sudoestehoje.com.br\/novoportal\/wp-json\/wp\/v2\/tags?post=65713"}],"curies":[{"name":"wp","href":"https:\/\/api.w.org\/{rel}","templated":true}]}}