
{"id":65700,"date":"2017-05-31T20:29:33","date_gmt":"2017-05-31T23:29:33","guid":{"rendered":"http:\/\/www.sudoestehoje.com.br\/novoportal\/?p=65700"},"modified":"2017-05-31T20:29:33","modified_gmt":"2017-05-31T23:29:33","slug":"ex-presidente-da-camara-de-itambe-e-denunciada-ao-mp-por-ato-de-improbidade","status":"publish","type":"post","link":"https:\/\/www.sudoestehoje.com.br\/novoportal\/2017\/05\/31\/ex-presidente-da-camara-de-itambe-e-denunciada-ao-mp-por-ato-de-improbidade\/","title":{"rendered":"EX-PRESIDENTE DA C\u00c2MARA DE ITAMB\u00c9 \u00c9 DENUNCIADA AO MP POR ATO DE IMPROBIDADE"},"content":{"rendered":"<p><a href=\"http:\/\/www.sudoestehoje.com.br\/novoportal\/wp-content\/uploads\/2017\/05\/MariaJose.png\"><img loading=\"lazy\" decoding=\"async\" class=\"aligncenter size-medium wp-image-65701\" src=\"http:\/\/www.sudoestehoje.com.br\/novoportal\/wp-content\/uploads\/2017\/05\/MariaJose-500x350.png\" alt=\"\" width=\"500\" height=\"350\" srcset=\"https:\/\/www.sudoestehoje.com.br\/novoportal\/wp-content\/uploads\/2017\/05\/MariaJose-500x350.png 500w, https:\/\/www.sudoestehoje.com.br\/novoportal\/wp-content\/uploads\/2017\/05\/MariaJose.png 600w\" sizes=\"auto, (max-width: 500px) 100vw, 500px\" \/><\/a><\/p>\n<p>Na sess\u00e3o desta quarta-feira (31\/05), o Tribunal de Contas dos Munic\u00edpios determinou a formula\u00e7\u00e3o de representa\u00e7\u00e3o ao Minist\u00e9rio P\u00fablico Estadual contra a ex-presidente da C\u00e2mara de Itamb\u00e9, Maria Jos\u00e9 Freitas Moreira, para que se apure a pr\u00e1tica de ato de improbidade administrativa na contrata\u00e7\u00e3o direta de empresas de consultoria, nos exerc\u00edcios de 2015 e 2016. O relator do processo, conselheiro Jos\u00e9 Alfredo Dias, multou a gestora em R$7 mil.<\/p>\n<p>A relatoria tamb\u00e9m determinou a restitui\u00e7\u00e3o aos cofres municipais da quantia de R$136.200,00, com recursos pessoais, em raz\u00e3o da aus\u00eancia de comprova\u00e7\u00e3o dos servi\u00e7os prestados pelas empresas Muniz de G\u00f3es Assessoria e Consultoria e Muniz de G\u00f3es, Ribeiro e Associados, no valor de R$79.800,00, e pelo superfaturamento no valor de R$56.400,00 na contrata\u00e7\u00e3o da empresa Din\u00e2mica Consultoria e Assessoria Municipal.<\/p>\n<p>O conselheiro Jos\u00e9 Alfredo, em conson\u00e2ncia com o pronunciamento do Minist\u00e9rio P\u00fablico de Contas, concluiu pela utiliza\u00e7\u00e3o indevida do procedimento de inexigibilidade de licita\u00e7\u00e3o para as contrata\u00e7\u00f5es, j\u00e1 que n\u00e3o ficou comprovada not\u00f3ria especializa\u00e7\u00e3o das empresas contratadas e singularidade dos objetos dos contratos. Tamb\u00e9m foi identificada a realiza\u00e7\u00e3o de pagamento por servi\u00e7os n\u00e3o prestados \u2013 cria\u00e7\u00e3o da Lei Org\u00e2nica, do Regimento Interno e do C\u00f3digo de \u00c9tica da C\u00e2mara de Vereadores \u2013, superfaturamento do contrato de assessoria cont\u00e1bil e, ainda, duplicidade em contrata\u00e7\u00f5es para um mesmo objeto.\u00a0Cabe recurso da decis\u00e3o. \/\/ Ascom TCM<\/p>\n","protected":false},"excerpt":{"rendered":"<p>Na sess\u00e3o desta quarta-feira (31\/05), o Tribunal de Contas dos Munic\u00edpios determinou a formula\u00e7\u00e3o de representa\u00e7\u00e3o ao Minist\u00e9rio P\u00fablico Estadual contra a ex-presidente da C\u00e2mara de Itamb\u00e9, Maria Jos\u00e9 Freitas Moreira, para que se apure a pr\u00e1tica de ato de improbidade administrativa na contrata\u00e7\u00e3o direta de empresas de consultoria, nos exerc\u00edcios de 2015 e 2016. [&hellip;]<\/p>\n","protected":false},"author":2,"featured_media":65701,"comment_status":"open","ping_status":"open","sticky":false,"template":"","format":"standard","meta":{"footnotes":"","_links_to":"","_links_to_target":""},"categories":[1],"tags":[],"class_list":["post-65700","post","type-post","status-publish","format-standard","has-post-thumbnail","hentry","category-geral"],"views":1707,"_links":{"self":[{"href":"https:\/\/www.sudoestehoje.com.br\/novoportal\/wp-json\/wp\/v2\/posts\/65700","targetHints":{"allow":["GET"]}}],"collection":[{"href":"https:\/\/www.sudoestehoje.com.br\/novoportal\/wp-json\/wp\/v2\/posts"}],"about":[{"href":"https:\/\/www.sudoestehoje.com.br\/novoportal\/wp-json\/wp\/v2\/types\/post"}],"author":[{"embeddable":true,"href":"https:\/\/www.sudoestehoje.com.br\/novoportal\/wp-json\/wp\/v2\/users\/2"}],"replies":[{"embeddable":true,"href":"https:\/\/www.sudoestehoje.com.br\/novoportal\/wp-json\/wp\/v2\/comments?post=65700"}],"version-history":[{"count":1,"href":"https:\/\/www.sudoestehoje.com.br\/novoportal\/wp-json\/wp\/v2\/posts\/65700\/revisions"}],"predecessor-version":[{"id":65702,"href":"https:\/\/www.sudoestehoje.com.br\/novoportal\/wp-json\/wp\/v2\/posts\/65700\/revisions\/65702"}],"wp:featuredmedia":[{"embeddable":true,"href":"https:\/\/www.sudoestehoje.com.br\/novoportal\/wp-json\/wp\/v2\/media\/65701"}],"wp:attachment":[{"href":"https:\/\/www.sudoestehoje.com.br\/novoportal\/wp-json\/wp\/v2\/media?parent=65700"}],"wp:term":[{"taxonomy":"category","embeddable":true,"href":"https:\/\/www.sudoestehoje.com.br\/novoportal\/wp-json\/wp\/v2\/categories?post=65700"},{"taxonomy":"post_tag","embeddable":true,"href":"https:\/\/www.sudoestehoje.com.br\/novoportal\/wp-json\/wp\/v2\/tags?post=65700"}],"curies":[{"name":"wp","href":"https:\/\/api.w.org\/{rel}","templated":true}]}}