
{"id":65680,"date":"2017-05-30T21:48:26","date_gmt":"2017-05-31T00:48:26","guid":{"rendered":"http:\/\/www.sudoestehoje.com.br\/novoportal\/?p=65680"},"modified":"2017-05-30T23:46:37","modified_gmt":"2017-05-31T02:46:37","slug":"65680","status":"publish","type":"post","link":"https:\/\/www.sudoestehoje.com.br\/novoportal\/2017\/05\/30\/65680\/","title":{"rendered":"COM MEDO DA REFORMA DA PREVID\u00caNCIA, 4 MIL PROFESSORES DA BAHIA PEDEM APOSENTADORIA"},"content":{"rendered":"<div class=\"mc-column content-text active-extra-styles active-capital-letter\" data-block-type=\"unstyled\" data-block-weight=\"62\">\n<p class=\"content-text__container theme-color-primary-first-letter\" data-track-category=\"Link no Texto\" data-track-links=\"\"><a href=\"http:\/\/www.sudoestehoje.com.br\/novoportal\/wp-content\/uploads\/2017\/05\/professor011.jpg\"><img loading=\"lazy\" decoding=\"async\" class=\"aligncenter size-medium wp-image-65684\" src=\"http:\/\/www.sudoestehoje.com.br\/novoportal\/wp-content\/uploads\/2017\/05\/professor011-500x313.jpg\" alt=\"\" width=\"500\" height=\"313\" srcset=\"https:\/\/www.sudoestehoje.com.br\/novoportal\/wp-content\/uploads\/2017\/05\/professor011-500x313.jpg 500w, https:\/\/www.sudoestehoje.com.br\/novoportal\/wp-content\/uploads\/2017\/05\/professor011-768x480.jpg 768w, https:\/\/www.sudoestehoje.com.br\/novoportal\/wp-content\/uploads\/2017\/05\/professor011-700x438.jpg 700w, https:\/\/www.sudoestehoje.com.br\/novoportal\/wp-content\/uploads\/2017\/05\/professor011.jpg 800w\" sizes=\"auto, (max-width: 500px) 100vw, 500px\" \/><\/a><\/p>\n<p class=\"content-text__container theme-color-primary-first-letter\" data-track-category=\"Link no Texto\" data-track-links=\"\">Mais de 4 mil professores da rede estadual de ensino da Bahia j\u00e1 entraram com pedido de aposentadoria, de janeiro de 2016 at\u00e9 maio de 2017, com medo de preju\u00edzos com a reforma da previd\u00eancia proposta pelo governo federal. No ano passado, 3 mil processos para aposentadoria foram abertos. Esse ano, j\u00e1 s\u00e3o 1.112. Os dados s\u00e3o da Secretaria Estadual de Educa\u00e7\u00e3o.<\/p>\n<\/div>\n<div class=\"mc-column content-text active-extra-styles \" data-block-type=\"unstyled\" data-block-weight=\"60\">\n<p class=\"content-text__container \" data-track-category=\"Link no Texto\" data-track-links=\"\">Atualmente, cerca de 7 mil professores do estado j\u00e1 atingiram a idade e o tempo de servi\u00e7o para se aposentar. &#8220;H\u00e1 um sentimento de que haver\u00e1 muitas perdas. O professor ou a professora que j\u00e1 estava com o seu planejamento de vida tudo organizado, com o tempo correto para aposentar, est\u00e1 correndo&#8221;, afirma Marilene Betros, presidente do Sindicato dos Professores.<\/p>\n<\/div>\n<div class=\"mc-column content-text active-extra-styles \" data-block-type=\"unstyled\" data-block-weight=\"61\">\n<p class=\"content-text__container \" data-track-category=\"Link no Texto\" data-track-links=\"\">Para tentar evitar uma sa\u00edda em massa de professores do quadro da rede estadual, o governo estadual criou uma gratifica\u00e7\u00e3o especial. O valor da Bolsa Perman\u00eancia \u00e9 de R$ 800 para quem trabalha 20h semanais e de R$ 1.600 para quem trabalha 40h por semana. A gratifica\u00e7\u00e3o tem dura\u00e7\u00e3o de dois anos e pode ser prorrogada por igual per\u00edodo.<\/p>\n<\/div>\n<div class=\"mc-column content-text active-extra-styles \" data-block-type=\"unstyled\" data-block-weight=\"49\">\n<p class=\"content-text__container \" data-track-category=\"Link no Texto\" data-track-links=\"\">O prazo para aceita\u00e7\u00e3o do benef\u00edcio termina na quarta-feira (31). &#8220;Vai acrescentar esse valor na remunera\u00e7\u00e3o dos professores. Eles v\u00e3o permanecer tamb\u00e9m recebendo o abono de perman\u00eancia que j\u00e1 recebiam porque j\u00e1 tinham tempo para se aposentar&#8221;, destaca Ana Catapano, superintendente de recursos humanos da Secretaria Estadual de Sa\u00fade.<\/p>\n<\/div>\n<div class=\"mc-column content-text active-extra-styles \" data-block-type=\"unstyled\" data-block-weight=\"43\">\n<p class=\"content-text__container \" data-track-category=\"Link no Texto\" data-track-links=\"\">A meta do governo estadual \u00e9 manter, ao menos, tr\u00eas mil professores aptos a se aposentar em atividade. At\u00e9 a segunda-feira (29), apenas 620 dos sete mil que est\u00e3o em condi\u00e7\u00f5es de solicitar a aposentadoria demonstraram interesse em aderir ao programa de perman\u00eancia<\/p>\n<\/div>\n<div class=\"content-ads content-ads--reveal\">\n<div id=\"banner_materia2\" class=\"tag-manager-publicidade-container has-reveal tag-manager-publicidade-banner_materia2 tag-manager-publicidade-container--carregado tag-manager-publicidade-container--visivel\" data-google-query-id=\"CLbSirKJmdQCFZeEkQod-7QJ_g\" data-cid=\"113376568813\" data-lid=\"758267053\">\n<div id=\"google_ads_iframe_\/95377733\/tvg_G1\/Sua_Regiao&gt;Nordeste&gt;Bahia_2__container__\" style=\"box-sizing: inherit; margin: auto; padding: 0px; border: 0pt none; font-style: inherit; font-variant: inherit; font-weight: inherit; font-stretch: inherit; font-size: inherit; line-height: inherit; font-family: inherit; vertical-align: baseline; max-width: 100%; width: 970px; text-align: left;\">&#8220;A d\u00favida \u00e9 essa: me aposentar agora, ficar livre de tudo e cuidar da minha vida, ou ficar mais um ano fazendo o que eu gosto, o que eu quero, inventando coisa e criando. A d\u00favida \u00e9 essa&#8221;, destaca a professora Cec\u00edlia Caram\u00e9s. \/\/G1<\/div>\n<\/div>\n<\/div>\n<div class=\"mc-column content-text active-extra-styles \" data-block-type=\"unstyled\" data-block-weight=\"43\"><\/div>\n<p><a href=\"http:\/\/www.sudoestehoje.com.br\/novoportal\/wp-content\/uploads\/2017\/05\/S\u00c3O-PEDRO-MACARANI.jpg\"><img loading=\"lazy\" decoding=\"async\" class=\"aligncenter size-medium wp-image-65681\" src=\"http:\/\/www.sudoestehoje.com.br\/novoportal\/wp-content\/uploads\/2017\/05\/S\u00c3O-PEDRO-MACARANI-500x418.jpg\" alt=\"\" width=\"500\" height=\"418\" srcset=\"https:\/\/www.sudoestehoje.com.br\/novoportal\/wp-content\/uploads\/2017\/05\/S\u00c3O-PEDRO-MACARANI-500x418.jpg 500w, https:\/\/www.sudoestehoje.com.br\/novoportal\/wp-content\/uploads\/2017\/05\/S\u00c3O-PEDRO-MACARANI-768x642.jpg 768w, https:\/\/www.sudoestehoje.com.br\/novoportal\/wp-content\/uploads\/2017\/05\/S\u00c3O-PEDRO-MACARANI-700x585.jpg 700w, https:\/\/www.sudoestehoje.com.br\/novoportal\/wp-content\/uploads\/2017\/05\/S\u00c3O-PEDRO-MACARANI.jpg 960w\" sizes=\"auto, (max-width: 500px) 100vw, 500px\" \/><\/a><\/p>\n","protected":false},"excerpt":{"rendered":"<p>Mais de 4 mil professores da rede estadual de ensino da Bahia j\u00e1 entraram com pedido de aposentadoria, de janeiro de 2016 at\u00e9 maio de 2017, com medo de preju\u00edzos com a reforma da previd\u00eancia proposta pelo governo federal. No ano passado, 3 mil processos para aposentadoria foram abertos. Esse ano, j\u00e1 s\u00e3o 1.112. Os [&hellip;]<\/p>\n","protected":false},"author":2,"featured_media":65684,"comment_status":"open","ping_status":"open","sticky":false,"template":"","format":"standard","meta":{"footnotes":"","_links_to":"","_links_to_target":""},"categories":[1],"tags":[],"class_list":["post-65680","post","type-post","status-publish","format-standard","has-post-thumbnail","hentry","category-geral"],"views":1857,"_links":{"self":[{"href":"https:\/\/www.sudoestehoje.com.br\/novoportal\/wp-json\/wp\/v2\/posts\/65680","targetHints":{"allow":["GET"]}}],"collection":[{"href":"https:\/\/www.sudoestehoje.com.br\/novoportal\/wp-json\/wp\/v2\/posts"}],"about":[{"href":"https:\/\/www.sudoestehoje.com.br\/novoportal\/wp-json\/wp\/v2\/types\/post"}],"author":[{"embeddable":true,"href":"https:\/\/www.sudoestehoje.com.br\/novoportal\/wp-json\/wp\/v2\/users\/2"}],"replies":[{"embeddable":true,"href":"https:\/\/www.sudoestehoje.com.br\/novoportal\/wp-json\/wp\/v2\/comments?post=65680"}],"version-history":[{"count":4,"href":"https:\/\/www.sudoestehoje.com.br\/novoportal\/wp-json\/wp\/v2\/posts\/65680\/revisions"}],"predecessor-version":[{"id":65686,"href":"https:\/\/www.sudoestehoje.com.br\/novoportal\/wp-json\/wp\/v2\/posts\/65680\/revisions\/65686"}],"wp:featuredmedia":[{"embeddable":true,"href":"https:\/\/www.sudoestehoje.com.br\/novoportal\/wp-json\/wp\/v2\/media\/65684"}],"wp:attachment":[{"href":"https:\/\/www.sudoestehoje.com.br\/novoportal\/wp-json\/wp\/v2\/media?parent=65680"}],"wp:term":[{"taxonomy":"category","embeddable":true,"href":"https:\/\/www.sudoestehoje.com.br\/novoportal\/wp-json\/wp\/v2\/categories?post=65680"},{"taxonomy":"post_tag","embeddable":true,"href":"https:\/\/www.sudoestehoje.com.br\/novoportal\/wp-json\/wp\/v2\/tags?post=65680"}],"curies":[{"name":"wp","href":"https:\/\/api.w.org\/{rel}","templated":true}]}}