
{"id":65672,"date":"2017-05-30T12:11:22","date_gmt":"2017-05-30T15:11:22","guid":{"rendered":"http:\/\/www.sudoestehoje.com.br\/novoportal\/?p=65672"},"modified":"2017-05-31T00:10:05","modified_gmt":"2017-05-31T03:10:05","slug":"sem-licenca-ambiental-barragem-do-catole-desmataria-170-hectares-de-mata-atlantica","status":"publish","type":"post","link":"https:\/\/www.sudoestehoje.com.br\/novoportal\/2017\/05\/30\/sem-licenca-ambiental-barragem-do-catole-desmataria-170-hectares-de-mata-atlantica\/","title":{"rendered":"SEM LICEN\u00c7A AMBIENTAL, BARRAGEM DO CATOL\u00c9 DEVASTARIA 170 HECTARES DE MATA ATL\u00c2NTICA"},"content":{"rendered":"<p><a href=\"http:\/\/www.sudoestehoje.com.br\/novoportal\/wp-content\/uploads\/2017\/05\/rio-catolc3a9.jpg\"><img loading=\"lazy\" decoding=\"async\" class=\"aligncenter wp-image-65673\" src=\"http:\/\/www.sudoestehoje.com.br\/novoportal\/wp-content\/uploads\/2017\/05\/rio-catolc3a9.jpg\" alt=\"\" width=\"501\" height=\"332\" \/><\/a><\/p>\n<p>Na decis\u00e3o da Justi\u00e7a Federal que suspendeu a licita\u00e7\u00e3o para constru\u00e7\u00e3o da barragem do Rio Catol\u00e9, em Barra do Cho\u00e7a, um detalhe chamou \u00e0 aten\u00e7\u00e3o e foi determinante para o convencimento do magistrado que proferiu a senten\u00e7a: a autoriza\u00e7\u00e3o do INEMA para o desmatamento de 170 hectares de Mata Atl\u00e2ntica, com dispensa de licen\u00e7a ambiental. Confira trecho da decis\u00e3o:<\/p>\n<p><em>&#8220;Na a\u00e7\u00e3o, o Minist\u00e9rio P\u00fablico afirma \u201cque os estudos preliminares realizados at\u00e9 o momento indicam que o empreendimento apresentar\u00e1 impactos severos no meio ambiente, com o risco de elimina\u00e7\u00e3o de esp\u00e9cies amea\u00e7adas de extin\u00e7\u00e3o ou que nem sequer foram catalogadas; desmatar\u00e1 170 hectares de Mata Atl\u00e2ntica; carrear\u00e1 res\u00edduos\u00a0\u00e0 bacia hidrogr\u00e1fica e comprometer\u00e1 a disponibilidade h\u00eddrica dos munic\u00edpios a jusante, em especial Itapetinga e Caatiba\u201d. De acordo com o pleito, a constru\u00e7\u00e3o da barragem tamb\u00e9m traz consequ\u00eancias graves sob os aspectos socioecon\u00f4micos, que s\u00e3o \u201cdesmatamento e incremento da migra\u00e7\u00e3o para os munic\u00edpios de Barra do Cho\u00e7a e Vit\u00f3ria da Conquista\u201d, que \u201cdemandar\u00e3o o refor\u00e7o de servi\u00e7os p\u00fablicos de sa\u00fade e educa\u00e7\u00e3o\u201d.<\/em><\/p>\n<p><em>Os promotores destacam que, \u201ch\u00e1 iminente dano ambiental a ser causado\u00a0por obra de significativo impacto, sequer avaliada pelos \u00f3rg\u00e3os ambientais\u201d e que \u201cn\u00e3o obstante o vulto da obra, o INEMA dispensou a EMBASA da necessidade de licenciamento ambiental, tendo o ato sido assinado em 13 de junho de 2013, quando o INEMA emitiu documento intitulado CT Atend n\u00ba 00137\/2013, subscrito por Isabel Cristina Mattos Concei\u00e7\u00e3o Fonseca, Coordenadora da Atend, e Anapaula de Souza Dias, Diretora de Regula\u00e7\u00e3o (DIRE)\u201d.<\/em><\/p>\n<p>Outro fator que foi levado em conta pelo juiz federal para suspender a licita\u00e7\u00e3o, foi o iminente comprometimento da disponibilidade h\u00eddrica dos munic\u00edpios de Itapetinga e Caatiba, abastecidos pelo Catol\u00e9, fato que a EMBASA vinha negando em todas as declara\u00e7\u00f5es e audi\u00eancias p\u00fablicas realizadas para discutir a constru\u00e7\u00e3o da barragem.<\/p>\n<p><em><strong>Por Davi Ferraz<\/strong><\/em><\/p>\n<p><img decoding=\"async\" src=\"http:\/\/www.sudoestehoje.com.br\/novoportal\/wp-content\/uploads\/2014\/11\/Logomarca-HB-Sementes-500x134.jpg\" alt=\"Resultado de imagem para HB RA\u00c7\u00d5ES ITAPETINGA\" \/><\/p>\n","protected":false},"excerpt":{"rendered":"<p>Na decis\u00e3o da Justi\u00e7a Federal que suspendeu a licita\u00e7\u00e3o para constru\u00e7\u00e3o da barragem do Rio Catol\u00e9, em Barra do Cho\u00e7a, um detalhe chamou \u00e0 aten\u00e7\u00e3o e foi determinante para o convencimento do magistrado que proferiu a senten\u00e7a: a autoriza\u00e7\u00e3o do INEMA para o desmatamento de 170 hectares de Mata Atl\u00e2ntica, com dispensa de licen\u00e7a ambiental. [&hellip;]<\/p>\n","protected":false},"author":2,"featured_media":65673,"comment_status":"open","ping_status":"open","sticky":false,"template":"","format":"standard","meta":{"footnotes":"","_links_to":"","_links_to_target":""},"categories":[1],"tags":[],"class_list":["post-65672","post","type-post","status-publish","format-standard","has-post-thumbnail","hentry","category-geral"],"views":1691,"_links":{"self":[{"href":"https:\/\/www.sudoestehoje.com.br\/novoportal\/wp-json\/wp\/v2\/posts\/65672","targetHints":{"allow":["GET"]}}],"collection":[{"href":"https:\/\/www.sudoestehoje.com.br\/novoportal\/wp-json\/wp\/v2\/posts"}],"about":[{"href":"https:\/\/www.sudoestehoje.com.br\/novoportal\/wp-json\/wp\/v2\/types\/post"}],"author":[{"embeddable":true,"href":"https:\/\/www.sudoestehoje.com.br\/novoportal\/wp-json\/wp\/v2\/users\/2"}],"replies":[{"embeddable":true,"href":"https:\/\/www.sudoestehoje.com.br\/novoportal\/wp-json\/wp\/v2\/comments?post=65672"}],"version-history":[{"count":4,"href":"https:\/\/www.sudoestehoje.com.br\/novoportal\/wp-json\/wp\/v2\/posts\/65672\/revisions"}],"predecessor-version":[{"id":65688,"href":"https:\/\/www.sudoestehoje.com.br\/novoportal\/wp-json\/wp\/v2\/posts\/65672\/revisions\/65688"}],"wp:featuredmedia":[{"embeddable":true,"href":"https:\/\/www.sudoestehoje.com.br\/novoportal\/wp-json\/wp\/v2\/media\/65673"}],"wp:attachment":[{"href":"https:\/\/www.sudoestehoje.com.br\/novoportal\/wp-json\/wp\/v2\/media?parent=65672"}],"wp:term":[{"taxonomy":"category","embeddable":true,"href":"https:\/\/www.sudoestehoje.com.br\/novoportal\/wp-json\/wp\/v2\/categories?post=65672"},{"taxonomy":"post_tag","embeddable":true,"href":"https:\/\/www.sudoestehoje.com.br\/novoportal\/wp-json\/wp\/v2\/tags?post=65672"}],"curies":[{"name":"wp","href":"https:\/\/api.w.org\/{rel}","templated":true}]}}