
{"id":65668,"date":"2017-05-29T22:38:27","date_gmt":"2017-05-30T01:38:27","guid":{"rendered":"http:\/\/www.sudoestehoje.com.br\/novoportal\/?p=65668"},"modified":"2017-05-31T00:11:44","modified_gmt":"2017-05-31T03:11:44","slug":"cbf-tira-da-globo-transmissoes-dos-jogos-da-selecao-na-australia","status":"publish","type":"post","link":"https:\/\/www.sudoestehoje.com.br\/novoportal\/2017\/05\/29\/cbf-tira-da-globo-transmissoes-dos-jogos-da-selecao-na-australia\/","title":{"rendered":"CBF TIRA DA GLOBO TRANSMISS\u00d5ES DOS JOGOS DA SELE\u00c7\u00c3O NA AUSTR\u00c1LIA"},"content":{"rendered":"<p><a href=\"http:\/\/www.sudoestehoje.com.br\/novoportal\/wp-content\/uploads\/2017\/05\/brasil-australia-primeiro-tempo-07-original.jpeg\"><img loading=\"lazy\" decoding=\"async\" class=\"aligncenter size-medium wp-image-65669\" src=\"http:\/\/www.sudoestehoje.com.br\/novoportal\/wp-content\/uploads\/2017\/05\/brasil-australia-primeiro-tempo-07-original-500x281.jpeg\" alt=\"\" width=\"500\" height=\"281\" srcset=\"https:\/\/www.sudoestehoje.com.br\/novoportal\/wp-content\/uploads\/2017\/05\/brasil-australia-primeiro-tempo-07-original-500x281.jpeg 500w, https:\/\/www.sudoestehoje.com.br\/novoportal\/wp-content\/uploads\/2017\/05\/brasil-australia-primeiro-tempo-07-original-768x432.jpeg 768w, https:\/\/www.sudoestehoje.com.br\/novoportal\/wp-content\/uploads\/2017\/05\/brasil-australia-primeiro-tempo-07-original-700x394.jpeg 700w, https:\/\/www.sudoestehoje.com.br\/novoportal\/wp-content\/uploads\/2017\/05\/brasil-australia-primeiro-tempo-07-original.jpeg 928w\" sizes=\"auto, (max-width: 500px) 100vw, 500px\" \/><\/a><\/p>\n<p>Principal emissora do Pa\u00eds e parceira hist\u00f3rica da CBF, a Rede Globo n\u00e3o ir\u00e1 transmitir os dois amistosos do Brasil diante de Argentina e Austr\u00e1lia, respectivamente nos dias 9 e 13 de junho, em Melbourne. As duas partes n\u00e3o chegaram a um acordo e a entidade decidiu gerar as imagens por conta pr\u00f3pria, comprando espa\u00e7o na TV Brasil para transmitir os jogos em canal aberto. Pel\u00e9 ser\u00e1 o comentarista nas duas partidas.<\/p>\n<p>A informa\u00e7\u00e3o foi publicada na edi\u00e7\u00e3o desta segunda-feira do jornal Folha de S. Paulo, e confirmada pela reportagem do <b>Estado<\/b>. A CBF ainda n\u00e3o havia se manifestado oficialmente sobre o assunto at\u00e9 as 16h30 desta segunda-feira, mas a Rede Globo confirmou que n\u00e3o ir\u00e1 transmitir as partidas.<\/p>\n<p>Por meio de nota, o departamento de comunica\u00e7\u00e3o da emissora informou que deixar\u00e1 de transmitir os amistosos do pr\u00f3ximo m\u00eas e n\u00e3o deixou claro se voltar\u00e1 a faz\u00ea-lo nas demais partidas preparat\u00f3rias \u00e0 Copa do Mundo do pr\u00f3ximo ano &#8211; a emissora det\u00e9m os direitos das atuais Eliminat\u00f3rias.<\/p>\n<p><img decoding=\"async\" src=\"http:\/\/www.sudoestehoje.com.br\/novoportal\/wp-content\/uploads\/2014\/12\/skala-novo.jpg\" alt=\"Resultado de imagem para skala modas itapetinga\" \/><\/p>\n","protected":false},"excerpt":{"rendered":"<p>Principal emissora do Pa\u00eds e parceira hist\u00f3rica da CBF, a Rede Globo n\u00e3o ir\u00e1 transmitir os dois amistosos do Brasil diante de Argentina e Austr\u00e1lia, respectivamente nos dias 9 e 13 de junho, em Melbourne. As duas partes n\u00e3o chegaram a um acordo e a entidade decidiu gerar as imagens por conta pr\u00f3pria, comprando espa\u00e7o [&hellip;]<\/p>\n","protected":false},"author":2,"featured_media":65669,"comment_status":"open","ping_status":"open","sticky":false,"template":"","format":"standard","meta":{"footnotes":"","_links_to":"","_links_to_target":""},"categories":[1],"tags":[],"class_list":["post-65668","post","type-post","status-publish","format-standard","has-post-thumbnail","hentry","category-geral"],"views":1507,"_links":{"self":[{"href":"https:\/\/www.sudoestehoje.com.br\/novoportal\/wp-json\/wp\/v2\/posts\/65668","targetHints":{"allow":["GET"]}}],"collection":[{"href":"https:\/\/www.sudoestehoje.com.br\/novoportal\/wp-json\/wp\/v2\/posts"}],"about":[{"href":"https:\/\/www.sudoestehoje.com.br\/novoportal\/wp-json\/wp\/v2\/types\/post"}],"author":[{"embeddable":true,"href":"https:\/\/www.sudoestehoje.com.br\/novoportal\/wp-json\/wp\/v2\/users\/2"}],"replies":[{"embeddable":true,"href":"https:\/\/www.sudoestehoje.com.br\/novoportal\/wp-json\/wp\/v2\/comments?post=65668"}],"version-history":[{"count":2,"href":"https:\/\/www.sudoestehoje.com.br\/novoportal\/wp-json\/wp\/v2\/posts\/65668\/revisions"}],"predecessor-version":[{"id":65689,"href":"https:\/\/www.sudoestehoje.com.br\/novoportal\/wp-json\/wp\/v2\/posts\/65668\/revisions\/65689"}],"wp:featuredmedia":[{"embeddable":true,"href":"https:\/\/www.sudoestehoje.com.br\/novoportal\/wp-json\/wp\/v2\/media\/65669"}],"wp:attachment":[{"href":"https:\/\/www.sudoestehoje.com.br\/novoportal\/wp-json\/wp\/v2\/media?parent=65668"}],"wp:term":[{"taxonomy":"category","embeddable":true,"href":"https:\/\/www.sudoestehoje.com.br\/novoportal\/wp-json\/wp\/v2\/categories?post=65668"},{"taxonomy":"post_tag","embeddable":true,"href":"https:\/\/www.sudoestehoje.com.br\/novoportal\/wp-json\/wp\/v2\/tags?post=65668"}],"curies":[{"name":"wp","href":"https:\/\/api.w.org\/{rel}","templated":true}]}}