
{"id":65662,"date":"2017-05-29T18:42:31","date_gmt":"2017-05-29T21:42:31","guid":{"rendered":"http:\/\/www.sudoestehoje.com.br\/novoportal\/?p=65662"},"modified":"2017-05-29T18:42:31","modified_gmt":"2017-05-29T21:42:31","slug":"71-dos-eleitores-rejeitam-lula-para-a-disputa-em-2018-mostra-pesquisa","status":"publish","type":"post","link":"https:\/\/www.sudoestehoje.com.br\/novoportal\/2017\/05\/29\/71-dos-eleitores-rejeitam-lula-para-a-disputa-em-2018-mostra-pesquisa\/","title":{"rendered":"71% DOS ELEITORES REJEITAM LULA PARA A DISPUTA EM 2018, MOSTRA PESQUISA"},"content":{"rendered":"<p><a href=\"http:\/\/www.sudoestehoje.com.br\/novoportal\/wp-content\/uploads\/2017\/05\/Lula-pesquisa-1.jpg\"><img loading=\"lazy\" decoding=\"async\" class=\"aligncenter size-medium wp-image-65663\" src=\"http:\/\/www.sudoestehoje.com.br\/novoportal\/wp-content\/uploads\/2017\/05\/Lula-pesquisa-1-500x370.jpg\" alt=\"\" width=\"500\" height=\"370\" \/><\/a><\/p>\n<p>Pesquisa realizada pelo instituto Paran\u00e1 Pesquisas e divulgada pela coluna do jornalista Cl\u00e1udio Humberto, no \u201cDi\u00e1rio do Poder\u201d (<a href=\"http:\/\/www.diariodopoder.com.br\/noticia.php?i=63295012304\" target=\"_blank\" rel=\"noopener noreferrer\"><strong>veja aqui<\/strong><\/a>), mostra que o ex-presidente Luiz In\u00e1cio Lula da Silva \u00e9 o candidato mais rejeitado pelo eleitores\u00a0entre os nomes consultados pelo levantamento para a disputa presidencial de 2018.<\/p>\n<p>De acordo com a pesquisa, 71% dos eleitores n\u00e3o votariam no petista, o maior \u00edndice na compara\u00e7\u00e3o com os demais presidenci\u00e1veis da lista. \u201cAt\u00e9 na regi\u00e3o Nordeste, onde o PT teve a maioria de seus votos em 2014, a rejei\u00e7\u00e3o de Lula chega a 55,9%.\u201d<\/p>\n<p>Na sequ\u00eancia aparecem os tucanos Geraldo Alckmin (61,9%), A\u00e9cio Neves (56,7%) e Jos\u00e9 Serra (56,4%). J\u00e1 Marina Silva, da Rede Sustentabilidade, terceira colocada nas elei\u00e7\u00f5es de 2014, registra rejei\u00e7\u00e3o de 56,6%, ficando no mesmo patamar dos tucanos.<\/p>\n<p>Com a menor rejei\u00e7\u00e3o (55%) entre os nomes pesquisados pelo Paran\u00e1 Pesquisa, o deputado federal Jair Bolsonaro (PSD-RJ) apresentou, segundo o levantamento, o menor \u00edndice de \u201cvotos certos\u201d porque s\u00f3 9,6% votariam \u201ccom certeza\u201d no parlamentar para presidente no pr\u00f3ximo ano.<\/p>\n","protected":false},"excerpt":{"rendered":"<p>Pesquisa realizada pelo instituto Paran\u00e1 Pesquisas e divulgada pela coluna do jornalista Cl\u00e1udio Humberto, no \u201cDi\u00e1rio do Poder\u201d (veja aqui), mostra que o ex-presidente Luiz In\u00e1cio Lula da Silva \u00e9 o candidato mais rejeitado pelo eleitores\u00a0entre os nomes consultados pelo levantamento para a disputa presidencial de 2018. De acordo com a pesquisa, 71% dos eleitores [&hellip;]<\/p>\n","protected":false},"author":2,"featured_media":65663,"comment_status":"open","ping_status":"open","sticky":false,"template":"","format":"standard","meta":{"footnotes":"","_links_to":"","_links_to_target":""},"categories":[1],"tags":[],"class_list":["post-65662","post","type-post","status-publish","format-standard","has-post-thumbnail","hentry","category-geral"],"views":2249,"_links":{"self":[{"href":"https:\/\/www.sudoestehoje.com.br\/novoportal\/wp-json\/wp\/v2\/posts\/65662","targetHints":{"allow":["GET"]}}],"collection":[{"href":"https:\/\/www.sudoestehoje.com.br\/novoportal\/wp-json\/wp\/v2\/posts"}],"about":[{"href":"https:\/\/www.sudoestehoje.com.br\/novoportal\/wp-json\/wp\/v2\/types\/post"}],"author":[{"embeddable":true,"href":"https:\/\/www.sudoestehoje.com.br\/novoportal\/wp-json\/wp\/v2\/users\/2"}],"replies":[{"embeddable":true,"href":"https:\/\/www.sudoestehoje.com.br\/novoportal\/wp-json\/wp\/v2\/comments?post=65662"}],"version-history":[{"count":1,"href":"https:\/\/www.sudoestehoje.com.br\/novoportal\/wp-json\/wp\/v2\/posts\/65662\/revisions"}],"predecessor-version":[{"id":65664,"href":"https:\/\/www.sudoestehoje.com.br\/novoportal\/wp-json\/wp\/v2\/posts\/65662\/revisions\/65664"}],"wp:featuredmedia":[{"embeddable":true,"href":"https:\/\/www.sudoestehoje.com.br\/novoportal\/wp-json\/wp\/v2\/media\/65663"}],"wp:attachment":[{"href":"https:\/\/www.sudoestehoje.com.br\/novoportal\/wp-json\/wp\/v2\/media?parent=65662"}],"wp:term":[{"taxonomy":"category","embeddable":true,"href":"https:\/\/www.sudoestehoje.com.br\/novoportal\/wp-json\/wp\/v2\/categories?post=65662"},{"taxonomy":"post_tag","embeddable":true,"href":"https:\/\/www.sudoestehoje.com.br\/novoportal\/wp-json\/wp\/v2\/tags?post=65662"}],"curies":[{"name":"wp","href":"https:\/\/api.w.org\/{rel}","templated":true}]}}