
{"id":65654,"date":"2017-05-29T17:09:39","date_gmt":"2017-05-29T20:09:39","guid":{"rendered":"http:\/\/www.sudoestehoje.com.br\/novoportal\/?p=65654"},"modified":"2017-05-29T17:21:12","modified_gmt":"2017-05-29T20:21:12","slug":"urgente-justica-federal-suspende-licitacao-da-barragem-do-rio-catole","status":"publish","type":"post","link":"https:\/\/www.sudoestehoje.com.br\/novoportal\/2017\/05\/29\/urgente-justica-federal-suspende-licitacao-da-barragem-do-rio-catole\/","title":{"rendered":"URGENTE! JUSTI\u00c7A FEDERAL SUSPENDE LICITA\u00c7\u00c3O DA BARRAGEM DO RIO CATOL\u00c9"},"content":{"rendered":"<p><strong>A a\u00e7\u00e3o decorre do Inqu\u00e9rito Civil n\u00ba 01\/17, SIMP 644.9.31051\/2017, aberto pela Promotoria Regional Ambiental, que tem \u00e0 frente a promotora Karina Cherubini<\/strong><\/p>\n<p><a href=\"http:\/\/www.sudoestehoje.com.br\/novoportal\/wp-content\/uploads\/2017\/05\/promotora-karina-cherubini.jpg\"><img loading=\"lazy\" decoding=\"async\" class=\"aligncenter size-full wp-image-65659\" src=\"http:\/\/www.sudoestehoje.com.br\/novoportal\/wp-content\/uploads\/2017\/05\/promotora-karina-cherubini.jpg\" alt=\"\" width=\"449\" height=\"300\" \/><\/a><\/p>\n<p>A popula\u00e7\u00e3o de Vit\u00f3ria da Conquista deve conviver com o grave problema de falta de \u00e1gua por mais alguns anos. Dois meses depois de ter sido suspensa para ajustes no projeto e mudan\u00e7a de edital, mais uma vez, a licita\u00e7\u00e3o para constru\u00e7\u00e3o da barragem no Rio Catol\u00e9 foi suspensa, desta vez por determina\u00e7\u00e3o da justi\u00e7a federal, em atendimento a a\u00e7\u00e3o de tutela provis\u00f3ria de urg\u00eancia proposta pelo Minist\u00e9rio P\u00fablico Federal e pelo Minist\u00e9rio P\u00fablico Estadual.<\/p>\n<p>A a\u00e7\u00e3o do MP foi movida dando sequ\u00eancia a representa\u00e7\u00e3o formulada pela Associa\u00e7\u00e3o de Produtores e Irrigantes de Barra do Cho\u00e7a (APIBAC).<\/p>\n<p>Na a\u00e7\u00e3o, o Minist\u00e9rio P\u00fablico afirma \u201cque os estudos preliminares realizados at\u00e9 o momento indicam que o empreendimento apresentar\u00e1 impactos severos no meio\u00a0ambiente, com o risco de elimina\u00e7\u00e3o de esp\u00e9cies amea\u00e7adas de extin\u00e7\u00e3o ou que nem\u00a0sequer foram catalogadas; desmatar\u00e1 170 hectares de Mata Atl\u00e2ntica; carrear\u00e1 res\u00edduos \u00e0 bacia hidrogr\u00e1fica e comprometer\u00e1 a disponibilidade h\u00eddrica dos munic\u00edpios a jusante,\u00a0em especial Itapetinga e Caatiba\u201d.<\/p>\n<p>De acordo com o pleito, a constru\u00e7\u00e3o da barragem tamb\u00e9m traz consequ\u00eancias graves sob os aspectos socioecon\u00f4micos, que s\u00e3o \u201cdesmatamento e incremento da migra\u00e7\u00e3o para os munic\u00edpios de Barra do Cho\u00e7a e Vit\u00f3ria da Conquista\u201d, que \u201cdemandar\u00e3o o refor\u00e7o de servi\u00e7os p\u00fablicos de sa\u00fade e educa\u00e7\u00e3o\u201d.<\/p>\n<p><strong><a href=\"https:\/\/blogdegiorlandolima.com\/2017\/05\/29\/crise-no-abastecimento-de-agua-em-conquista-justica-federal-suspende-licitacao-da-barragem-do-catole\/\">Leia a mat\u00e9ria completa<\/a><\/strong><\/p>\n","protected":false},"excerpt":{"rendered":"<p>A a\u00e7\u00e3o decorre do Inqu\u00e9rito Civil n\u00ba 01\/17, SIMP 644.9.31051\/2017, aberto pela Promotoria Regional Ambiental, que tem \u00e0 frente a promotora Karina Cherubini A popula\u00e7\u00e3o de Vit\u00f3ria da Conquista deve conviver com o grave problema de falta de \u00e1gua por mais alguns anos. Dois meses depois de ter sido suspensa para ajustes no projeto e [&hellip;]<\/p>\n","protected":false},"author":2,"featured_media":65659,"comment_status":"open","ping_status":"open","sticky":false,"template":"","format":"standard","meta":{"footnotes":"","_links_to":"","_links_to_target":""},"categories":[1],"tags":[],"class_list":["post-65654","post","type-post","status-publish","format-standard","has-post-thumbnail","hentry","category-geral"],"views":3126,"_links":{"self":[{"href":"https:\/\/www.sudoestehoje.com.br\/novoportal\/wp-json\/wp\/v2\/posts\/65654","targetHints":{"allow":["GET"]}}],"collection":[{"href":"https:\/\/www.sudoestehoje.com.br\/novoportal\/wp-json\/wp\/v2\/posts"}],"about":[{"href":"https:\/\/www.sudoestehoje.com.br\/novoportal\/wp-json\/wp\/v2\/types\/post"}],"author":[{"embeddable":true,"href":"https:\/\/www.sudoestehoje.com.br\/novoportal\/wp-json\/wp\/v2\/users\/2"}],"replies":[{"embeddable":true,"href":"https:\/\/www.sudoestehoje.com.br\/novoportal\/wp-json\/wp\/v2\/comments?post=65654"}],"version-history":[{"count":4,"href":"https:\/\/www.sudoestehoje.com.br\/novoportal\/wp-json\/wp\/v2\/posts\/65654\/revisions"}],"predecessor-version":[{"id":65661,"href":"https:\/\/www.sudoestehoje.com.br\/novoportal\/wp-json\/wp\/v2\/posts\/65654\/revisions\/65661"}],"wp:featuredmedia":[{"embeddable":true,"href":"https:\/\/www.sudoestehoje.com.br\/novoportal\/wp-json\/wp\/v2\/media\/65659"}],"wp:attachment":[{"href":"https:\/\/www.sudoestehoje.com.br\/novoportal\/wp-json\/wp\/v2\/media?parent=65654"}],"wp:term":[{"taxonomy":"category","embeddable":true,"href":"https:\/\/www.sudoestehoje.com.br\/novoportal\/wp-json\/wp\/v2\/categories?post=65654"},{"taxonomy":"post_tag","embeddable":true,"href":"https:\/\/www.sudoestehoje.com.br\/novoportal\/wp-json\/wp\/v2\/tags?post=65654"}],"curies":[{"name":"wp","href":"https:\/\/api.w.org\/{rel}","templated":true}]}}