
{"id":65644,"date":"2017-05-29T10:45:44","date_gmt":"2017-05-29T13:45:44","guid":{"rendered":"http:\/\/www.sudoestehoje.com.br\/novoportal\/?p=65644"},"modified":"2017-05-29T10:45:44","modified_gmt":"2017-05-29T13:45:44","slug":"abertas-inscricoes-do-sisu-20172","status":"publish","type":"post","link":"https:\/\/www.sudoestehoje.com.br\/novoportal\/2017\/05\/29\/abertas-inscricoes-do-sisu-20172\/","title":{"rendered":"ABERTAS INSCRI\u00c7\u00d5ES DO SISU 2017\/2"},"content":{"rendered":"<p><a href=\"http:\/\/www.sudoestehoje.com.br\/novoportal\/wp-content\/uploads\/2017\/05\/SISU-2.jpg\"><img loading=\"lazy\" decoding=\"async\" class=\"wp-image-65645 alignleft\" src=\"http:\/\/www.sudoestehoje.com.br\/novoportal\/wp-content\/uploads\/2017\/05\/SISU-2.jpg\" alt=\"\" width=\"227\" height=\"220\" \/><\/a><\/p>\n<p>O Minist\u00e9rio da Educa\u00e7\u00e3o abriu as inscri\u00e7\u00f5es para as vagas oferecidas no segundo semestre de 2017 pelo Sistema de Sele\u00e7\u00e3o Unificada (Sisu). Nesta edi\u00e7\u00e3o, o Sisu re\u00fane 51.913 vagas de gradua\u00e7\u00e3o em 1.462 cursos de 63 institui\u00e7\u00f5es p\u00fablicas de ensino superior. As inscri\u00e7\u00f5es come\u00e7am nesta segunda-feira (29) e v\u00e3o at\u00e9 o dia 1\u00ba de junho.<\/p>\n<div class=\"mc-column content-text active-extra-styles \" data-block-type=\"unstyled\" data-block-weight=\"50\">\n<p class=\"content-text__container \" data-track-category=\"Link no Texto\" data-track-links=\"\">Podem se inscrever os estudantes que fizeram o Exame Nacional do Ensino M\u00e9dio (Enem) no ano passado e n\u00e3o tenham zerado na reda\u00e7\u00e3o. Os estudantes podem escolher at\u00e9 duas op\u00e7\u00f5es de cursos. O sistema seleciona os aprovados segundo a nota do Enem, considerando os pesos espec\u00edficos de cada vaga.<\/p>\n<p class=\"content-text__container \" data-track-category=\"Link no Texto\" data-track-links=\"\">Para ter acesso \u00e0s vagas, \u00e9 necess\u00e1rio entrar no site do Sisu (<a href=\"http:\/\/sisu.mec.gov.br\/\" target=\"_blank\" rel=\"nofollow noopener noreferrer\">http:\/\/sisu.mec.gov.br<\/a>), e clicar no bot\u00e3o \u2018pesquisar vagas\u2019. \u00c9 poss\u00edvel fazer buscas por curso, institui\u00e7\u00e3o ou munic\u00edpio. Podem participar os estudantes que fizeram o Exame Nacional do Ensino M\u00e9dio (Enem) no ano passado e n\u00e3o tenham zerado na reda\u00e7\u00e3o.<\/p>\n<\/div>\n","protected":false},"excerpt":{"rendered":"<p>O Minist\u00e9rio da Educa\u00e7\u00e3o abriu as inscri\u00e7\u00f5es para as vagas oferecidas no segundo semestre de 2017 pelo Sistema de Sele\u00e7\u00e3o Unificada (Sisu). Nesta edi\u00e7\u00e3o, o Sisu re\u00fane 51.913 vagas de gradua\u00e7\u00e3o em 1.462 cursos de 63 institui\u00e7\u00f5es p\u00fablicas de ensino superior. As inscri\u00e7\u00f5es come\u00e7am nesta segunda-feira (29) e v\u00e3o at\u00e9 o dia 1\u00ba de junho. [&hellip;]<\/p>\n","protected":false},"author":2,"featured_media":65645,"comment_status":"open","ping_status":"open","sticky":false,"template":"","format":"standard","meta":{"footnotes":"","_links_to":"","_links_to_target":""},"categories":[1],"tags":[],"class_list":["post-65644","post","type-post","status-publish","format-standard","has-post-thumbnail","hentry","category-geral"],"views":1234,"_links":{"self":[{"href":"https:\/\/www.sudoestehoje.com.br\/novoportal\/wp-json\/wp\/v2\/posts\/65644","targetHints":{"allow":["GET"]}}],"collection":[{"href":"https:\/\/www.sudoestehoje.com.br\/novoportal\/wp-json\/wp\/v2\/posts"}],"about":[{"href":"https:\/\/www.sudoestehoje.com.br\/novoportal\/wp-json\/wp\/v2\/types\/post"}],"author":[{"embeddable":true,"href":"https:\/\/www.sudoestehoje.com.br\/novoportal\/wp-json\/wp\/v2\/users\/2"}],"replies":[{"embeddable":true,"href":"https:\/\/www.sudoestehoje.com.br\/novoportal\/wp-json\/wp\/v2\/comments?post=65644"}],"version-history":[{"count":2,"href":"https:\/\/www.sudoestehoje.com.br\/novoportal\/wp-json\/wp\/v2\/posts\/65644\/revisions"}],"predecessor-version":[{"id":65647,"href":"https:\/\/www.sudoestehoje.com.br\/novoportal\/wp-json\/wp\/v2\/posts\/65644\/revisions\/65647"}],"wp:featuredmedia":[{"embeddable":true,"href":"https:\/\/www.sudoestehoje.com.br\/novoportal\/wp-json\/wp\/v2\/media\/65645"}],"wp:attachment":[{"href":"https:\/\/www.sudoestehoje.com.br\/novoportal\/wp-json\/wp\/v2\/media?parent=65644"}],"wp:term":[{"taxonomy":"category","embeddable":true,"href":"https:\/\/www.sudoestehoje.com.br\/novoportal\/wp-json\/wp\/v2\/categories?post=65644"},{"taxonomy":"post_tag","embeddable":true,"href":"https:\/\/www.sudoestehoje.com.br\/novoportal\/wp-json\/wp\/v2\/tags?post=65644"}],"curies":[{"name":"wp","href":"https:\/\/api.w.org\/{rel}","templated":true}]}}