
{"id":65640,"date":"2017-05-22T08:56:45","date_gmt":"2017-05-22T11:56:45","guid":{"rendered":"http:\/\/www.sudoestehoje.com.br\/novoportal\/?p=65640"},"modified":"2017-05-29T09:19:25","modified_gmt":"2017-05-29T12:19:25","slug":"itapetinga-deputado-pedro-tavares-participa-da-47a-exposicao-agropecuaria","status":"publish","type":"post","link":"https:\/\/www.sudoestehoje.com.br\/novoportal\/2017\/05\/22\/itapetinga-deputado-pedro-tavares-participa-da-47a-exposicao-agropecuaria\/","title":{"rendered":"ITAPETINGA: DEPUTADO PEDRO TAVARES PARTICIPA DA 47\u00aa EXPOSI\u00c7\u00c3O AGROPECU\u00c1RIA"},"content":{"rendered":"<p><a href=\"http:\/\/www.sudoestehoje.com.br\/novoportal\/wp-content\/uploads\/2017\/05\/pedro-e-rodrigo-hagge.jpg\"><img loading=\"lazy\" decoding=\"async\" class=\"aligncenter size-medium wp-image-65641\" src=\"http:\/\/www.sudoestehoje.com.br\/novoportal\/wp-content\/uploads\/2017\/05\/pedro-e-rodrigo-hagge-500x300.jpg\" alt=\"\" width=\"500\" height=\"300\" srcset=\"https:\/\/www.sudoestehoje.com.br\/novoportal\/wp-content\/uploads\/2017\/05\/pedro-e-rodrigo-hagge-500x300.jpg 500w, https:\/\/www.sudoestehoje.com.br\/novoportal\/wp-content\/uploads\/2017\/05\/pedro-e-rodrigo-hagge-768x461.jpg 768w, https:\/\/www.sudoestehoje.com.br\/novoportal\/wp-content\/uploads\/2017\/05\/pedro-e-rodrigo-hagge-700x420.jpg 700w, https:\/\/www.sudoestehoje.com.br\/novoportal\/wp-content\/uploads\/2017\/05\/pedro-e-rodrigo-hagge.jpg 960w\" sizes=\"auto, (max-width: 500px) 100vw, 500px\" \/><\/a><\/p>\n<p>Demonstrando total interesse pelas demandas do M\u00e9dio Sudoeste baiano, o deputado estadual Pedro Tavares (PMDB) se fez presente \u00e0 47\u00aa Exposi\u00e7\u00e3o Agropecu\u00e1ria de Itapetinga, uma das mais tradicionais da Bahia e do Nordeste.<\/p>\n<p>Acompanhado pelo prefeito Rodrigo Hagge (PMDB), secret\u00e1rios e vereadores da base, o deputado visitou os stands da Exposi\u00e7\u00e3o, al\u00e9m de participar dos leil\u00f5es de animais que aconteceram no evento.<\/p>\n<p>Depois da visita ao Parque Juvino Oliveira, o deputado se reuniu com lideran\u00e7as partid\u00e1rias de Itapetinga e regi\u00e3o, para tratar das reivindica\u00e7\u00f5es a serem encaminhadas aos governos estadual e federal, al\u00e9m de discutir estrat\u00e9gias com vistas \u00e0s elei\u00e7\u00f5es estaduais de 2018.<\/p>\n<p>O deputado Pedro Tavares \u00e9 um dos parlamentares mais presentes e atuantes na regi\u00e3o, com enorme potencial eleitoral para o pr\u00f3ximo pleito.<\/p>\n<p><em><strong>Por Davi Ferraz<\/strong><\/em><\/p>\n","protected":false},"excerpt":{"rendered":"<p>Demonstrando total interesse pelas demandas do M\u00e9dio Sudoeste baiano, o deputado estadual Pedro Tavares (PMDB) se fez presente \u00e0 47\u00aa Exposi\u00e7\u00e3o Agropecu\u00e1ria de Itapetinga, uma das mais tradicionais da Bahia e do Nordeste. Acompanhado pelo prefeito Rodrigo Hagge (PMDB), secret\u00e1rios e vereadores da base, o deputado visitou os stands da Exposi\u00e7\u00e3o, al\u00e9m de participar dos [&hellip;]<\/p>\n","protected":false},"author":2,"featured_media":0,"comment_status":"open","ping_status":"open","sticky":false,"template":"","format":"standard","meta":{"footnotes":"","_links_to":"","_links_to_target":""},"categories":[1],"tags":[],"class_list":["post-65640","post","type-post","status-publish","format-standard","hentry","category-geral"],"views":1125,"_links":{"self":[{"href":"https:\/\/www.sudoestehoje.com.br\/novoportal\/wp-json\/wp\/v2\/posts\/65640","targetHints":{"allow":["GET"]}}],"collection":[{"href":"https:\/\/www.sudoestehoje.com.br\/novoportal\/wp-json\/wp\/v2\/posts"}],"about":[{"href":"https:\/\/www.sudoestehoje.com.br\/novoportal\/wp-json\/wp\/v2\/types\/post"}],"author":[{"embeddable":true,"href":"https:\/\/www.sudoestehoje.com.br\/novoportal\/wp-json\/wp\/v2\/users\/2"}],"replies":[{"embeddable":true,"href":"https:\/\/www.sudoestehoje.com.br\/novoportal\/wp-json\/wp\/v2\/comments?post=65640"}],"version-history":[{"count":2,"href":"https:\/\/www.sudoestehoje.com.br\/novoportal\/wp-json\/wp\/v2\/posts\/65640\/revisions"}],"predecessor-version":[{"id":65643,"href":"https:\/\/www.sudoestehoje.com.br\/novoportal\/wp-json\/wp\/v2\/posts\/65640\/revisions\/65643"}],"wp:attachment":[{"href":"https:\/\/www.sudoestehoje.com.br\/novoportal\/wp-json\/wp\/v2\/media?parent=65640"}],"wp:term":[{"taxonomy":"category","embeddable":true,"href":"https:\/\/www.sudoestehoje.com.br\/novoportal\/wp-json\/wp\/v2\/categories?post=65640"},{"taxonomy":"post_tag","embeddable":true,"href":"https:\/\/www.sudoestehoje.com.br\/novoportal\/wp-json\/wp\/v2\/tags?post=65640"}],"curies":[{"name":"wp","href":"https:\/\/api.w.org\/{rel}","templated":true}]}}