
{"id":65626,"date":"2017-05-27T19:07:20","date_gmt":"2017-05-27T22:07:20","guid":{"rendered":"http:\/\/www.sudoestehoje.com.br\/novoportal\/?p=65626"},"modified":"2017-05-27T19:07:20","modified_gmt":"2017-05-27T22:07:20","slug":"acm-neto-admite-candidatura-ao-governo-da-bahia-em-2018","status":"publish","type":"post","link":"https:\/\/www.sudoestehoje.com.br\/novoportal\/2017\/05\/27\/acm-neto-admite-candidatura-ao-governo-da-bahia-em-2018\/","title":{"rendered":"ACM NETO ADMITE CANDIDATURA AO GOVERNO DA BAHIA EM 2018"},"content":{"rendered":"<div id=\"yui_3_16_0_ym19_1_1495922016411_7413\" class=\"body undoreset\" tabindex=\"0\">\n<div id=\"yui_3_16_0_ym19_1_1495922016411_7412\" class=\"email-wrapped\">\n<div id=\"yiv8609270825\">\n<div id=\"yui_3_16_0_ym19_1_1495922016411_7411\" dir=\"ltr\">\n<div id=\"yui_3_16_0_ym19_1_1495922016411_7410\" class=\"yiv8609270825gmail_quote\"><a href=\"http:\/\/www.sudoestehoje.com.br\/novoportal\/wp-content\/uploads\/2017\/05\/NETO.jpg\"><img loading=\"lazy\" decoding=\"async\" class=\"aligncenter size-medium wp-image-65627\" src=\"http:\/\/www.sudoestehoje.com.br\/novoportal\/wp-content\/uploads\/2017\/05\/NETO-500x281.jpg\" alt=\"\" width=\"500\" height=\"281\" srcset=\"https:\/\/www.sudoestehoje.com.br\/novoportal\/wp-content\/uploads\/2017\/05\/NETO-500x281.jpg 500w, https:\/\/www.sudoestehoje.com.br\/novoportal\/wp-content\/uploads\/2017\/05\/NETO-768x432.jpg 768w, https:\/\/www.sudoestehoje.com.br\/novoportal\/wp-content\/uploads\/2017\/05\/NETO-700x394.jpg 700w, https:\/\/www.sudoestehoje.com.br\/novoportal\/wp-content\/uploads\/2017\/05\/NETO.jpg 960w\" sizes=\"auto, (max-width: 500px) 100vw, 500px\" \/><\/a><\/p>\n<div id=\"yui_3_16_0_ym19_1_1495922016411_7416\" dir=\"ltr\">\n<p id=\"yui_3_16_0_ym19_1_1495922016411_7465\" class=\"yiv8609270825MsoNormal\" style=\"text-align: left;\" align=\"center\"><b><\/b><span id=\"yui_3_16_0_ym19_1_1495922016411_7414\">\u201cSe o povo da Bahia quiser, vamos estar na luta no ano que vem\u201d, afirmou o prefeito de Salvador, ACM Neto, ao n\u00e3o descartar a possibilidade de disputar as elei\u00e7\u00f5es governamentais de 2018, em pronunciamento na abertura do Encontro Estadual da Juventude Democratas, na manh\u00e3 deste s\u00e1bado (27), no Hotel Golden Tulip, na capital baiana.<\/span><\/p>\n<p class=\"yiv8609270825MsoNormal\">Diante de mais de 400 jovens de 68 cidades baianas, reunidos no evento, Neto manifestou a sua satisfa\u00e7\u00e3o de ouvir as vozes das ruas pedindo a sua candidatura a governador. \u201cH\u00e1 um clamor de mudan\u00e7a e renova\u00e7\u00e3o no cora\u00e7\u00e3o dos baianos\u201d, assinalou o prefeito de Salvador.<\/p>\n<p class=\"yiv8609270825MsoNormal\">Para ACM Neto, h\u00e1 um desejo geral de se realizar em todo o estado o que tem sido feito na capital. \u201cQuem v\u00ea Salvador hoje, depois dos \u00faltimos quatro anos, enxerga muitos avan\u00e7os, consequ\u00eancia de trabalho e compromisso com a palavra. N\u00e3o prometemos o que n\u00e3o podemos cumprir\u201d.<\/p>\n<p class=\"yiv8609270825MsoNormal\"><span id=\"yui_3_16_0_ym19_1_1495922016411_7419\">Trabalho e compromisso com a palavra foram diferenciais apontados por Neto entre a gest\u00e3o da prefeitura e do governo estadual. \u201cMesmo com o pa\u00eds em crise, estamos inaugurando uma obra por dia, enquanto, em 12 anos, o governo estadual do PT n\u00e3o inaugurou uma nova escola em Salvador\u201d.<\/span><\/p>\n<p class=\"yiv8609270825MsoNormal\">Afirmando que sua gest\u00e3o na capital \u201cn\u00e3o vende peda\u00e7o de terra na lua\u201d, ACM Neto observou que quem liga a tev\u00ea v\u00ea um estado maravilhoso, bem diferente da realidade das ruas. \u201cFico abismado com a irresponsabilidade dos gastos e mentiras contadas pelo governo nas pe\u00e7as publicit\u00e1rias\u201d. Segundo ele, as obras estruturantes no interior n\u00e3o saem do papel, e servi\u00e7os essenciais de sa\u00fade e educa\u00e7\u00e3o n\u00e3o funcionam.<\/p>\n<p class=\"yiv8609270825MsoNormal\">\u201cA seguran\u00e7a p\u00fablica em nossa terra faliu! Antes do PT havia enfrentamento correto, justo e honesto ao banditismo. Hoje somos ref\u00e9ns da viol\u00eancia que vitima milhares de baianos, principalmente, jovens, negros e pobres\u201d, afirmou o prefeito de Salvador, criticando ainda a oportunidade desperdi\u00e7ada de a Bahia crescer enquanto o Brasil se expandiu economicamente.<\/p>\n<p class=\"yiv8609270825MsoNormal\"><span id=\"yui_3_16_0_ym19_1_1495922016411_7433\">\u201cPerdemos competitividade e capacidade de gerar emprego e renda no estado. Pod\u00edamos estar numa situa\u00e7\u00e3o bem melhor\u201d, disse Neto, ressaltando que o jeito democrata de governar \u00e9 diferente. Para provar isso, anunciou o lan\u00e7amento, na pr\u00f3xima segunda-feira (27) do programa de investimentos Salvador 360\u00b0.<\/span><\/p>\n<p id=\"yui_3_16_0_ym19_1_1495922016411_7421\" class=\"yiv8609270825MsoNormal\"><span id=\"yui_3_16_0_ym19_1_1495922016411_7422\">O plano contar\u00e1 com investimentos da ordem de R$ 3 bilh\u00f5es para reativar a economia da capital, por meio de desburocratiza\u00e7\u00e3o, transforma\u00e7\u00f5es urban\u00edsticas, atra\u00e7\u00e3o de novos neg\u00f3cios e gera\u00e7\u00e3o de empregos.<\/span><\/p>\n<p id=\"yui_3_16_0_ym19_1_1495922016411_7424\" class=\"yiv8609270825MsoNormal\"><span id=\"yui_3_16_0_ym19_1_1495922016411_7425\">\u201cSalvador sair\u00e1 da crise antes do Brasil\u201d, garantiu Neto, sendo aplaudido por todos do evento, que contou com a participa\u00e7\u00e3o do deputado federal Jos\u00e9 Carlos Aleluia, do coordenador regional do DNOCS, Heraldo Rocha, dos vereadores Alexandre Aleluia e Maur\u00edcio Trindade, al\u00e9m dos prefeitos de Santo Amaro, Flaviano Bomfim, e de Cacul\u00e9, Beto Maradona. O secret\u00e1rio-chefe de Salvador, Jo\u00e3o Roma, tamb\u00e9m esteve presente.<\/span><\/p>\n<\/div>\n<\/div>\n<\/div>\n<\/div>\n<\/div>\n<\/div>\n","protected":false},"excerpt":{"rendered":"<p>\u201cSe o povo da Bahia quiser, vamos estar na luta no ano que vem\u201d, afirmou o prefeito de Salvador, ACM Neto, ao n\u00e3o descartar a possibilidade de disputar as elei\u00e7\u00f5es governamentais de 2018, em pronunciamento na abertura do Encontro Estadual da Juventude Democratas, na manh\u00e3 deste s\u00e1bado (27), no Hotel Golden Tulip, na capital baiana. [&hellip;]<\/p>\n","protected":false},"author":2,"featured_media":65627,"comment_status":"open","ping_status":"open","sticky":false,"template":"","format":"standard","meta":{"footnotes":"","_links_to":"","_links_to_target":""},"categories":[1],"tags":[],"class_list":["post-65626","post","type-post","status-publish","format-standard","has-post-thumbnail","hentry","category-geral"],"views":2115,"_links":{"self":[{"href":"https:\/\/www.sudoestehoje.com.br\/novoportal\/wp-json\/wp\/v2\/posts\/65626","targetHints":{"allow":["GET"]}}],"collection":[{"href":"https:\/\/www.sudoestehoje.com.br\/novoportal\/wp-json\/wp\/v2\/posts"}],"about":[{"href":"https:\/\/www.sudoestehoje.com.br\/novoportal\/wp-json\/wp\/v2\/types\/post"}],"author":[{"embeddable":true,"href":"https:\/\/www.sudoestehoje.com.br\/novoportal\/wp-json\/wp\/v2\/users\/2"}],"replies":[{"embeddable":true,"href":"https:\/\/www.sudoestehoje.com.br\/novoportal\/wp-json\/wp\/v2\/comments?post=65626"}],"version-history":[{"count":1,"href":"https:\/\/www.sudoestehoje.com.br\/novoportal\/wp-json\/wp\/v2\/posts\/65626\/revisions"}],"predecessor-version":[{"id":65628,"href":"https:\/\/www.sudoestehoje.com.br\/novoportal\/wp-json\/wp\/v2\/posts\/65626\/revisions\/65628"}],"wp:featuredmedia":[{"embeddable":true,"href":"https:\/\/www.sudoestehoje.com.br\/novoportal\/wp-json\/wp\/v2\/media\/65627"}],"wp:attachment":[{"href":"https:\/\/www.sudoestehoje.com.br\/novoportal\/wp-json\/wp\/v2\/media?parent=65626"}],"wp:term":[{"taxonomy":"category","embeddable":true,"href":"https:\/\/www.sudoestehoje.com.br\/novoportal\/wp-json\/wp\/v2\/categories?post=65626"},{"taxonomy":"post_tag","embeddable":true,"href":"https:\/\/www.sudoestehoje.com.br\/novoportal\/wp-json\/wp\/v2\/tags?post=65626"}],"curies":[{"name":"wp","href":"https:\/\/api.w.org\/{rel}","templated":true}]}}