
{"id":65621,"date":"2017-05-26T23:16:43","date_gmt":"2017-05-27T02:16:43","guid":{"rendered":"http:\/\/www.sudoestehoje.com.br\/novoportal\/?p=65621"},"modified":"2017-05-26T23:45:56","modified_gmt":"2017-05-27T02:45:56","slug":"sac-movel-vai-atender-em-macarani-neste-sabado-e-domingo-anuncia-miller","status":"publish","type":"post","link":"https:\/\/www.sudoestehoje.com.br\/novoportal\/2017\/05\/26\/sac-movel-vai-atender-em-macarani-neste-sabado-e-domingo-anuncia-miller\/","title":{"rendered":"SAC M\u00d3VEL VAI ATENDER EM MACARANI DOMINGO E SEGUNDA-FEIRA, ANUNCIA MILLER"},"content":{"rendered":"<p><a href=\"http:\/\/www.sudoestehoje.com.br\/novoportal\/wp-content\/uploads\/2017\/05\/SAC-MACARANI.jpg\"><img loading=\"lazy\" decoding=\"async\" class=\"aligncenter size-medium wp-image-65622\" src=\"http:\/\/www.sudoestehoje.com.br\/novoportal\/wp-content\/uploads\/2017\/05\/SAC-MACARANI-500x294.jpg\" alt=\"\" width=\"500\" height=\"294\" srcset=\"https:\/\/www.sudoestehoje.com.br\/novoportal\/wp-content\/uploads\/2017\/05\/SAC-MACARANI-500x294.jpg 500w, https:\/\/www.sudoestehoje.com.br\/novoportal\/wp-content\/uploads\/2017\/05\/SAC-MACARANI-768x452.jpg 768w, https:\/\/www.sudoestehoje.com.br\/novoportal\/wp-content\/uploads\/2017\/05\/SAC-MACARANI-700x412.jpg 700w, https:\/\/www.sudoestehoje.com.br\/novoportal\/wp-content\/uploads\/2017\/05\/SAC-MACARANI.jpg 800w\" sizes=\"auto, (max-width: 500px) 100vw, 500px\" \/><\/a><\/p>\n<p>Nos dias 28 e 29 de maio (domingo e segunda-feira) o servi\u00e7o de atendimento m\u00f3vel da Rede SAC estar\u00e1 no munic\u00edpio de Macarani.<\/p>\n<p>Comemorando mais essa a\u00e7\u00e3o em favor dos seus mun\u00edcipes, o prefeito Miller Ferraz informou:<em> &#8220;Essa foi uma solicita\u00e7\u00e3o minha e do deputado estadual Fabr\u00edcio Falc\u00e3o, que tem nos atendido em todos os nossos pleitos. Tamb\u00e9m j\u00e1 autorizei o transporte para os moradores dos distritos de Vila das Gra\u00e7as e Itaba\u00ed, no domingo, para que ningu\u00e9m fique sem atendimento&#8221;. <\/em><\/p>\n<p>O SAC M\u00f3vel estar\u00e1 na cidade oferecendo a popula\u00e7\u00e3o:<\/p>\n<p>* Emiss\u00e3o de carteira de identidade (RG) e CPF,<span class=\"text_exposed_show\"><br \/>\n* Certid\u00e3o negativa de antecedentes criminais,<br \/>\n* Servi\u00e7os da Previd\u00eancia Estadual e da Ouvidoria * Geral do Estado (OGE) entre outros.<\/span><\/p>\n<p>Ascom<\/p>\n","protected":false},"excerpt":{"rendered":"<p>Nos dias 28 e 29 de maio (domingo e segunda-feira) o servi\u00e7o de atendimento m\u00f3vel da Rede SAC estar\u00e1 no munic\u00edpio de Macarani. Comemorando mais essa a\u00e7\u00e3o em favor dos seus mun\u00edcipes, o prefeito Miller Ferraz informou: &#8220;Essa foi uma solicita\u00e7\u00e3o minha e do deputado estadual Fabr\u00edcio Falc\u00e3o, que tem nos atendido em todos os [&hellip;]<\/p>\n","protected":false},"author":2,"featured_media":0,"comment_status":"open","ping_status":"open","sticky":false,"template":"","format":"standard","meta":{"footnotes":"","_links_to":"","_links_to_target":""},"categories":[1],"tags":[],"class_list":["post-65621","post","type-post","status-publish","format-standard","hentry","category-geral"],"views":1813,"_links":{"self":[{"href":"https:\/\/www.sudoestehoje.com.br\/novoportal\/wp-json\/wp\/v2\/posts\/65621","targetHints":{"allow":["GET"]}}],"collection":[{"href":"https:\/\/www.sudoestehoje.com.br\/novoportal\/wp-json\/wp\/v2\/posts"}],"about":[{"href":"https:\/\/www.sudoestehoje.com.br\/novoportal\/wp-json\/wp\/v2\/types\/post"}],"author":[{"embeddable":true,"href":"https:\/\/www.sudoestehoje.com.br\/novoportal\/wp-json\/wp\/v2\/users\/2"}],"replies":[{"embeddable":true,"href":"https:\/\/www.sudoestehoje.com.br\/novoportal\/wp-json\/wp\/v2\/comments?post=65621"}],"version-history":[{"count":3,"href":"https:\/\/www.sudoestehoje.com.br\/novoportal\/wp-json\/wp\/v2\/posts\/65621\/revisions"}],"predecessor-version":[{"id":65625,"href":"https:\/\/www.sudoestehoje.com.br\/novoportal\/wp-json\/wp\/v2\/posts\/65621\/revisions\/65625"}],"wp:attachment":[{"href":"https:\/\/www.sudoestehoje.com.br\/novoportal\/wp-json\/wp\/v2\/media?parent=65621"}],"wp:term":[{"taxonomy":"category","embeddable":true,"href":"https:\/\/www.sudoestehoje.com.br\/novoportal\/wp-json\/wp\/v2\/categories?post=65621"},{"taxonomy":"post_tag","embeddable":true,"href":"https:\/\/www.sudoestehoje.com.br\/novoportal\/wp-json\/wp\/v2\/tags?post=65621"}],"curies":[{"name":"wp","href":"https:\/\/api.w.org\/{rel}","templated":true}]}}