
{"id":65608,"date":"2017-05-26T20:58:01","date_gmt":"2017-05-26T23:58:01","guid":{"rendered":"http:\/\/www.sudoestehoje.com.br\/novoportal\/?p=65608"},"modified":"2017-05-26T20:58:44","modified_gmt":"2017-05-26T23:58:44","slug":"itabuna-engenheiro-se-joga-do-ultimo-andar-do-forum-apos-prisao-preventiva","status":"publish","type":"post","link":"https:\/\/www.sudoestehoje.com.br\/novoportal\/2017\/05\/26\/itabuna-engenheiro-se-joga-do-ultimo-andar-do-forum-apos-prisao-preventiva\/","title":{"rendered":"ITABUNA: ENGENHEIRO SE JOGA DO \u00daLTIMO ANDAR DO F\u00d3RUM AP\u00d3S PRIS\u00c3O PREVENTIVA"},"content":{"rendered":"<p><a href=\"http:\/\/www.sudoestehoje.com.br\/novoportal\/wp-content\/uploads\/2017\/05\/homem-queda-f\u00f3rum-ruy-barbosa-580x350.jpeg\"><img loading=\"lazy\" decoding=\"async\" class=\"aligncenter size-medium wp-image-65609\" src=\"http:\/\/www.sudoestehoje.com.br\/novoportal\/wp-content\/uploads\/2017\/05\/homem-queda-f\u00f3rum-ruy-barbosa-580x350-500x302.jpeg\" alt=\"\" width=\"500\" height=\"302\" srcset=\"https:\/\/www.sudoestehoje.com.br\/novoportal\/wp-content\/uploads\/2017\/05\/homem-queda-f\u00f3rum-ruy-barbosa-580x350-500x302.jpeg 500w, https:\/\/www.sudoestehoje.com.br\/novoportal\/wp-content\/uploads\/2017\/05\/homem-queda-f\u00f3rum-ruy-barbosa-580x350.jpeg 580w\" sizes=\"auto, (max-width: 500px) 100vw, 500px\" \/><\/a><\/p>\n<p>Um homem de aproximadamente 55 anos caiu do segundo\u00a0andar do F\u00f3rum Ruy Barbosa, em Itabuna, por volta das 13h desta sexta-feira (26). M\u00e1rio\u00a0Vasquez participava de audi\u00eancia no f\u00f3rum, de acordo com as primeiras informa\u00e7\u00f5es.<\/p>\n<p>O homem foi atendido por uma equipe do Samu 192 e estava consciente. Por sorte, boa parte do impacto da queda acabou amortecido pela estrutura de toldo da cobertura da \u00e1rea de estacionamento do f\u00f3rum, evitando o pior.<\/p>\n<p>Segundo informa\u00e7\u00f5es, M\u00e1rio\u00a0Luiz \u00e9 engenheiro mec\u00e2nico e teria sido preso nesta semana, com base na Lei Maria da Penha, pagou fian\u00e7a, mas nesta quinta-feira foi preso novamente.<\/p>\n<p>Durante a audi\u00eancia, a ju\u00edza decretou a pris\u00e3o preventiva, levando M\u00e1rio a tomar a decis\u00e3o de se jogar de cima do pr\u00e9dio do pr\u00f3prio f\u00f3rum. Segundo informa\u00e7\u00f5es, ele estaria enfrentando problemas psicol\u00f3gicos.<\/p>\n<h4><\/h4>\n","protected":false},"excerpt":{"rendered":"<p>Um homem de aproximadamente 55 anos caiu do segundo\u00a0andar do F\u00f3rum Ruy Barbosa, em Itabuna, por volta das 13h desta sexta-feira (26). M\u00e1rio\u00a0Vasquez participava de audi\u00eancia no f\u00f3rum, de acordo com as primeiras informa\u00e7\u00f5es. O homem foi atendido por uma equipe do Samu 192 e estava consciente. Por sorte, boa parte do impacto da queda [&hellip;]<\/p>\n","protected":false},"author":2,"featured_media":65609,"comment_status":"open","ping_status":"open","sticky":false,"template":"","format":"standard","meta":{"footnotes":"","_links_to":"","_links_to_target":""},"categories":[1],"tags":[],"class_list":["post-65608","post","type-post","status-publish","format-standard","has-post-thumbnail","hentry","category-geral"],"views":1832,"_links":{"self":[{"href":"https:\/\/www.sudoestehoje.com.br\/novoportal\/wp-json\/wp\/v2\/posts\/65608","targetHints":{"allow":["GET"]}}],"collection":[{"href":"https:\/\/www.sudoestehoje.com.br\/novoportal\/wp-json\/wp\/v2\/posts"}],"about":[{"href":"https:\/\/www.sudoestehoje.com.br\/novoportal\/wp-json\/wp\/v2\/types\/post"}],"author":[{"embeddable":true,"href":"https:\/\/www.sudoestehoje.com.br\/novoportal\/wp-json\/wp\/v2\/users\/2"}],"replies":[{"embeddable":true,"href":"https:\/\/www.sudoestehoje.com.br\/novoportal\/wp-json\/wp\/v2\/comments?post=65608"}],"version-history":[{"count":2,"href":"https:\/\/www.sudoestehoje.com.br\/novoportal\/wp-json\/wp\/v2\/posts\/65608\/revisions"}],"predecessor-version":[{"id":65611,"href":"https:\/\/www.sudoestehoje.com.br\/novoportal\/wp-json\/wp\/v2\/posts\/65608\/revisions\/65611"}],"wp:featuredmedia":[{"embeddable":true,"href":"https:\/\/www.sudoestehoje.com.br\/novoportal\/wp-json\/wp\/v2\/media\/65609"}],"wp:attachment":[{"href":"https:\/\/www.sudoestehoje.com.br\/novoportal\/wp-json\/wp\/v2\/media?parent=65608"}],"wp:term":[{"taxonomy":"category","embeddable":true,"href":"https:\/\/www.sudoestehoje.com.br\/novoportal\/wp-json\/wp\/v2\/categories?post=65608"},{"taxonomy":"post_tag","embeddable":true,"href":"https:\/\/www.sudoestehoje.com.br\/novoportal\/wp-json\/wp\/v2\/tags?post=65608"}],"curies":[{"name":"wp","href":"https:\/\/api.w.org\/{rel}","templated":true}]}}