
{"id":65597,"date":"2017-05-25T18:49:17","date_gmt":"2017-05-25T21:49:17","guid":{"rendered":"http:\/\/www.sudoestehoje.com.br\/novoportal\/?p=65597"},"modified":"2017-05-25T19:20:00","modified_gmt":"2017-05-25T22:20:00","slug":"municipio-de-itapetinga-tambem-aciona-embasa-para-barrar-barragem-do-catole","status":"publish","type":"post","link":"https:\/\/www.sudoestehoje.com.br\/novoportal\/2017\/05\/25\/municipio-de-itapetinga-tambem-aciona-embasa-para-barrar-barragem-do-catole\/","title":{"rendered":"MUNIC\u00cdPIO DE ITAPETINGA TAMB\u00c9M ACIONA EMBASA CONTRA BARRAGEM DO CATOL\u00c9"},"content":{"rendered":"<p><a href=\"http:\/\/www.sudoestehoje.com.br\/novoportal\/wp-content\/uploads\/2017\/05\/Rodrigo-1.jpg\"><img loading=\"lazy\" decoding=\"async\" class=\"aligncenter size-medium wp-image-65598\" src=\"http:\/\/www.sudoestehoje.com.br\/novoportal\/wp-content\/uploads\/2017\/05\/Rodrigo-1-500x287.jpg\" alt=\"\" width=\"500\" height=\"287\" srcset=\"https:\/\/www.sudoestehoje.com.br\/novoportal\/wp-content\/uploads\/2017\/05\/Rodrigo-1-500x287.jpg 500w, https:\/\/www.sudoestehoje.com.br\/novoportal\/wp-content\/uploads\/2017\/05\/Rodrigo-1-768x441.jpg 768w, https:\/\/www.sudoestehoje.com.br\/novoportal\/wp-content\/uploads\/2017\/05\/Rodrigo-1-700x402.jpg 700w, https:\/\/www.sudoestehoje.com.br\/novoportal\/wp-content\/uploads\/2017\/05\/Rodrigo-1.jpg 960w\" sizes=\"auto, (max-width: 500px) 100vw, 500px\" \/><\/a><\/p>\n<p>Em contato com a reda\u00e7\u00e3o do Sudoeste Hoje, na tarde desta quinta-feira (25), o prefeito Rodrigo Hagge informou que ingressou juntamente com outros munic\u00edpios da regi\u00e3o, com den\u00fancia junto ao Minist\u00e9rio P\u00fablico Estadual, o que deu origem \u00e0 A\u00e7\u00e3o Civil P\u00fablica movida contra a EMBASA, visando barrar a constru\u00e7\u00e3o da barragem do Rio Catol\u00e9.<\/p>\n<p>Segundo o prefeito Rodrigo, o munic\u00edpio subscreveu a den\u00fancia encaminhada ao MP, motivado pela falta de um estudo conclusivo sobre os impactos da barragem no abastecimento de \u00e1gua em Itapetinga, que tem como \u00fanica fonte o Rio Catol\u00e9.<\/p>\n<p>OAB TAMB\u00c9M VAI ACIONAR EMBASA<\/p>\n<p>Nas redes sociais, o presidente da Sub-sec\u00e7\u00e3o da OAB em Itapetinga, Fabr\u00edcio Moreira, informou que estar\u00e1 submetendo o caso ao Conselho Seccional da OAB, para ajuizamento de uma a\u00e7\u00e3o contra a constru\u00e7\u00e3o da barragem pelo Governo do Estado.<\/p>\n<p>O presidente da Ordem informou tamb\u00e9m que j\u00e1 manteve contato com a promotora p\u00fablica respons\u00e1vel pelo caso em Vit\u00f3ria da Conquista, Dra. Karina, manifestando o posicionamento da OAB em rela\u00e7\u00e3o aos impactos da barragem sobre o abastecimento de Itapetinga e ao meio ambiente.<\/p>\n<p><strong><em>Por Davi Ferraz\u00a0<\/em><\/strong><\/p>\n","protected":false},"excerpt":{"rendered":"<p>Em contato com a reda\u00e7\u00e3o do Sudoeste Hoje, na tarde desta quinta-feira (25), o prefeito Rodrigo Hagge informou que ingressou juntamente com outros munic\u00edpios da regi\u00e3o, com den\u00fancia junto ao Minist\u00e9rio P\u00fablico Estadual, o que deu origem \u00e0 A\u00e7\u00e3o Civil P\u00fablica movida contra a EMBASA, visando barrar a constru\u00e7\u00e3o da barragem do Rio Catol\u00e9. Segundo [&hellip;]<\/p>\n","protected":false},"author":2,"featured_media":65598,"comment_status":"open","ping_status":"open","sticky":false,"template":"","format":"standard","meta":{"footnotes":"","_links_to":"","_links_to_target":""},"categories":[1],"tags":[],"class_list":["post-65597","post","type-post","status-publish","format-standard","has-post-thumbnail","hentry","category-geral"],"views":1772,"_links":{"self":[{"href":"https:\/\/www.sudoestehoje.com.br\/novoportal\/wp-json\/wp\/v2\/posts\/65597","targetHints":{"allow":["GET"]}}],"collection":[{"href":"https:\/\/www.sudoestehoje.com.br\/novoportal\/wp-json\/wp\/v2\/posts"}],"about":[{"href":"https:\/\/www.sudoestehoje.com.br\/novoportal\/wp-json\/wp\/v2\/types\/post"}],"author":[{"embeddable":true,"href":"https:\/\/www.sudoestehoje.com.br\/novoportal\/wp-json\/wp\/v2\/users\/2"}],"replies":[{"embeddable":true,"href":"https:\/\/www.sudoestehoje.com.br\/novoportal\/wp-json\/wp\/v2\/comments?post=65597"}],"version-history":[{"count":3,"href":"https:\/\/www.sudoestehoje.com.br\/novoportal\/wp-json\/wp\/v2\/posts\/65597\/revisions"}],"predecessor-version":[{"id":65602,"href":"https:\/\/www.sudoestehoje.com.br\/novoportal\/wp-json\/wp\/v2\/posts\/65597\/revisions\/65602"}],"wp:featuredmedia":[{"embeddable":true,"href":"https:\/\/www.sudoestehoje.com.br\/novoportal\/wp-json\/wp\/v2\/media\/65598"}],"wp:attachment":[{"href":"https:\/\/www.sudoestehoje.com.br\/novoportal\/wp-json\/wp\/v2\/media?parent=65597"}],"wp:term":[{"taxonomy":"category","embeddable":true,"href":"https:\/\/www.sudoestehoje.com.br\/novoportal\/wp-json\/wp\/v2\/categories?post=65597"},{"taxonomy":"post_tag","embeddable":true,"href":"https:\/\/www.sudoestehoje.com.br\/novoportal\/wp-json\/wp\/v2\/tags?post=65597"}],"curies":[{"name":"wp","href":"https:\/\/api.w.org\/{rel}","templated":true}]}}