
{"id":65591,"date":"2017-05-25T12:25:49","date_gmt":"2017-05-25T15:25:49","guid":{"rendered":"http:\/\/www.sudoestehoje.com.br\/novoportal\/?p=65591"},"modified":"2017-05-25T12:25:49","modified_gmt":"2017-05-25T15:25:49","slug":"urgente-mp-ingressa-com-acao-contra-construcao-da-barragem-do-catole","status":"publish","type":"post","link":"https:\/\/www.sudoestehoje.com.br\/novoportal\/2017\/05\/25\/urgente-mp-ingressa-com-acao-contra-construcao-da-barragem-do-catole\/","title":{"rendered":"URGENTE! MP INGRESSA COM A\u00c7\u00c3O CONTRA CONSTRU\u00c7\u00c3O DA BARRAGEM DO CATOL\u00c9"},"content":{"rendered":"<p><a href=\"http:\/\/www.sudoestehoje.com.br\/novoportal\/wp-content\/uploads\/2017\/05\/adutora-rio-catole-2.jpg\"><img loading=\"lazy\" decoding=\"async\" class=\"aligncenter size-medium wp-image-65592\" src=\"http:\/\/www.sudoestehoje.com.br\/novoportal\/wp-content\/uploads\/2017\/05\/adutora-rio-catole-2-500x300.jpg\" alt=\"\" width=\"500\" height=\"300\" \/><\/a><\/p>\n<p>O Minist\u00e9rio P\u00fablico Estadual ajuizou A\u00e7\u00e3o Civil P\u00fablica contra a constru\u00e7\u00e3o da barragem do Rio Catol\u00e9, a pedido da Associa\u00e7\u00e3o dos Produtores Rurais de Barra do Cho\u00e7a, que vem questionando e manifestando posi\u00e7\u00e3o contr\u00e1ria a constru\u00e7\u00e3o da barragem, que trar\u00e1 preju\u00edzos irrepar\u00e1veis ao munic\u00edpio e toda a regi\u00e3o.<\/p>\n<p>Mesmo sem ter ainda acesso as alega\u00e7\u00f5es que foram acatadas pelo MP, o Blog da Resenha Geral foi informado de que \u00a0a principal motiva\u00e7\u00e3o ficou por conta da destrui\u00e7\u00e3o da flora e da fauna de extensa \u00e1rea, e a inexist\u00eancia da licen\u00e7a ambiental.<\/p>\n<p>O munic\u00edpio de Vit\u00f3ria da Conquista ser\u00e1 o mais contemplado com a constru\u00e7\u00e3o da barragem, e o Governo Federal liberar\u00e1 R$ 144 milh\u00f5es para a obra, cabendo ao Governo do Estado a libera\u00e7\u00e3o de mais R$ 60 milh\u00f5es.<\/p>\n<p>A cidade de Itapetinga tamb\u00e9m \u00e9 contr\u00e1ria a constru\u00e7\u00e3o da barragem e dever\u00e1 se posicionar oficialmente, propondo outra a\u00e7\u00e3o judicial propondo a suspens\u00e3o da obra.<\/p>\n<p>O certo \u00e9 que toda grande obra causa pol\u00eamica devido o grande impacto ambiental.<\/p>\n<p><strong><em>Por Davi Ferraz<\/em>\u00a0<\/strong><\/p>\n","protected":false},"excerpt":{"rendered":"<p>O Minist\u00e9rio P\u00fablico Estadual ajuizou A\u00e7\u00e3o Civil P\u00fablica contra a constru\u00e7\u00e3o da barragem do Rio Catol\u00e9, a pedido da Associa\u00e7\u00e3o dos Produtores Rurais de Barra do Cho\u00e7a, que vem questionando e manifestando posi\u00e7\u00e3o contr\u00e1ria a constru\u00e7\u00e3o da barragem, que trar\u00e1 preju\u00edzos irrepar\u00e1veis ao munic\u00edpio e toda a regi\u00e3o. Mesmo sem ter ainda acesso as alega\u00e7\u00f5es [&hellip;]<\/p>\n","protected":false},"author":2,"featured_media":65592,"comment_status":"open","ping_status":"open","sticky":false,"template":"","format":"standard","meta":{"footnotes":"","_links_to":"","_links_to_target":""},"categories":[1],"tags":[],"class_list":["post-65591","post","type-post","status-publish","format-standard","has-post-thumbnail","hentry","category-geral"],"views":1769,"_links":{"self":[{"href":"https:\/\/www.sudoestehoje.com.br\/novoportal\/wp-json\/wp\/v2\/posts\/65591","targetHints":{"allow":["GET"]}}],"collection":[{"href":"https:\/\/www.sudoestehoje.com.br\/novoportal\/wp-json\/wp\/v2\/posts"}],"about":[{"href":"https:\/\/www.sudoestehoje.com.br\/novoportal\/wp-json\/wp\/v2\/types\/post"}],"author":[{"embeddable":true,"href":"https:\/\/www.sudoestehoje.com.br\/novoportal\/wp-json\/wp\/v2\/users\/2"}],"replies":[{"embeddable":true,"href":"https:\/\/www.sudoestehoje.com.br\/novoportal\/wp-json\/wp\/v2\/comments?post=65591"}],"version-history":[{"count":4,"href":"https:\/\/www.sudoestehoje.com.br\/novoportal\/wp-json\/wp\/v2\/posts\/65591\/revisions"}],"predecessor-version":[{"id":65596,"href":"https:\/\/www.sudoestehoje.com.br\/novoportal\/wp-json\/wp\/v2\/posts\/65591\/revisions\/65596"}],"wp:featuredmedia":[{"embeddable":true,"href":"https:\/\/www.sudoestehoje.com.br\/novoportal\/wp-json\/wp\/v2\/media\/65592"}],"wp:attachment":[{"href":"https:\/\/www.sudoestehoje.com.br\/novoportal\/wp-json\/wp\/v2\/media?parent=65591"}],"wp:term":[{"taxonomy":"category","embeddable":true,"href":"https:\/\/www.sudoestehoje.com.br\/novoportal\/wp-json\/wp\/v2\/categories?post=65591"},{"taxonomy":"post_tag","embeddable":true,"href":"https:\/\/www.sudoestehoje.com.br\/novoportal\/wp-json\/wp\/v2\/tags?post=65591"}],"curies":[{"name":"wp","href":"https:\/\/api.w.org\/{rel}","templated":true}]}}