
{"id":65576,"date":"2017-05-24T20:45:41","date_gmt":"2017-05-24T23:45:41","guid":{"rendered":"http:\/\/www.sudoestehoje.com.br\/novoportal\/?p=65576"},"modified":"2017-05-24T21:27:31","modified_gmt":"2017-05-25T00:27:31","slug":"urgente-brasilia-esta-em-chamas-tres-ministerios-foram-incendiados","status":"publish","type":"post","link":"https:\/\/www.sudoestehoje.com.br\/novoportal\/2017\/05\/24\/urgente-brasilia-esta-em-chamas-tres-ministerios-foram-incendiados\/","title":{"rendered":"URGENTE! BRASILIA EST\u00c1 EM CHAMAS; TR\u00caS MINIST\u00c9RIOS FORAM INCENDIADOS"},"content":{"rendered":"<p><a href=\"http:\/\/www.sudoestehoje.com.br\/novoportal\/wp-content\/uploads\/2017\/05\/manifestacao-contra-temer-brasilia-20170524-022.jpg\"><img loading=\"lazy\" decoding=\"async\" class=\"aligncenter size-medium wp-image-65577\" src=\"http:\/\/www.sudoestehoje.com.br\/novoportal\/wp-content\/uploads\/2017\/05\/manifestacao-contra-temer-brasilia-20170524-022-500x333.jpg\" alt=\"\" width=\"500\" height=\"333\" srcset=\"https:\/\/www.sudoestehoje.com.br\/novoportal\/wp-content\/uploads\/2017\/05\/manifestacao-contra-temer-brasilia-20170524-022-500x333.jpg 500w, https:\/\/www.sudoestehoje.com.br\/novoportal\/wp-content\/uploads\/2017\/05\/manifestacao-contra-temer-brasilia-20170524-022.jpg 680w\" sizes=\"auto, (max-width: 500px) 100vw, 500px\" \/><\/a><\/p>\n<p>Cerca de 35 mil pessoas, segundo estimativa da Secretaria de Estado da Seguran\u00e7a P\u00fablica e da Paz Social do Distrito Federal, protestaram em Bras\u00edlia nesta quarta-feira contra o presidente <a href=\"http:\/\/veja.abril.com.br\/noticias-sobre\/michel-temer\"><strong>Michel Temer (PMDB)<\/strong><\/a>, em ato que teve confronto com a Pol\u00edcia Militar \u2013 com direito a bombas de g\u00e1s e de efeito moral -, feridos, pris\u00f5es e ao menos tr\u00eas minist\u00e9rios incendiados e outros depredados. O n\u00famero de feridos e presos ainda n\u00e3o foi divulgado.<\/p>\n<p><img loading=\"lazy\" decoding=\"async\" class=\"scaledImageFitWidth img\" src=\"https:\/\/scontent.fgig1-2.fna.fbcdn.net\/v\/t39.2147-6\/c0.9.476.249\/p476x249\/17351463_1642184959166916_5947391263748653056_n.jpg?oh=2c4563a009832cdd917eaef867a72f1d&amp;oe=59B9F96A\" alt=\"\" width=\"499\" height=\"261\" \/><\/p>\n<p>O protesto foi convocado por centrais sindicais como a <a href=\"http:\/\/veja.abril.com.br\/noticias-sobre\/cut\/\"><strong>CUT<\/strong><\/a> (Central \u00danica dos Trabalhadores), partidos de esquerda como PT, PSTU, PCdoB e PSOL, movimentos sociais como o <a href=\"http:\/\/veja.abril.com.br\/noticias-sobre\/mst\/\"><strong>MST<\/strong><\/a> (Movimento dos Trabalhadores Rurais Sem Terra) e <a href=\"http:\/\/veja.abril.com.br\/noticias-sobre\/mtst\/\"><strong>MTST<\/strong> <\/a>(Movimento dos Trabalhadores Sem Teto) e organiza\u00e7\u00f5es de esquerda como as frentes Povo sem Medo e Brasil Popular.<\/p>\n<div class=\"_6l- __c_\">\n<div class=\"uiScaledImageContainer _6m5 fbStoryAttachmentImage\"><img loading=\"lazy\" decoding=\"async\" class=\"scaledImageFitWidth img\" src=\"https:\/\/external.xx.fbcdn.net\/safe_image.php?w=476&amp;h=249&amp;url=https%3A%2F%2F3.bp.blogspot.com%2F-z_GvwbxKk50%2FWSXxCyVrxlI%2FAAAAAAAAFFQ%2FVkyz4ggwuLw9ohCkeU51rscrtl88d7yAgCLcB%2Fw1200-h630-p-k-no-nu%2Fmilitantes-picham.png&amp;cfs=1&amp;upscale=1&amp;_nc_hash=AQBWSptNn8Oo4XZ1\" alt=\"\" width=\"499\" height=\"260\" \/><\/div>\n<\/div>\n<p>Os confrontos e depreda\u00e7\u00f5es nas ruas levaram Temer a assinar um decreto chamado GLO (Garantia da Lei e da Ordem), autorizando o uso das For\u00e7as Armadas para conter os manifestantes. Ao menos 1.200 homens do Ex\u00e9rcito foram colocados imediatamente nas ruas. O decreto, que vale por uma semana, foi duramente criticado por deputados e senadores e levou \u00e0 bate-bocas, empurr\u00f5es e suspens\u00e3o de vota\u00e7\u00f5es na C\u00e2mara e no Senado. \/\/ Veja<\/p>\n","protected":false},"excerpt":{"rendered":"<p>Cerca de 35 mil pessoas, segundo estimativa da Secretaria de Estado da Seguran\u00e7a P\u00fablica e da Paz Social do Distrito Federal, protestaram em Bras\u00edlia nesta quarta-feira contra o presidente Michel Temer (PMDB), em ato que teve confronto com a Pol\u00edcia Militar \u2013 com direito a bombas de g\u00e1s e de efeito moral -, feridos, pris\u00f5es [&hellip;]<\/p>\n","protected":false},"author":2,"featured_media":65577,"comment_status":"open","ping_status":"open","sticky":false,"template":"","format":"standard","meta":{"footnotes":"","_links_to":"","_links_to_target":""},"categories":[1],"tags":[],"class_list":["post-65576","post","type-post","status-publish","format-standard","has-post-thumbnail","hentry","category-geral"],"views":1601,"_links":{"self":[{"href":"https:\/\/www.sudoestehoje.com.br\/novoportal\/wp-json\/wp\/v2\/posts\/65576","targetHints":{"allow":["GET"]}}],"collection":[{"href":"https:\/\/www.sudoestehoje.com.br\/novoportal\/wp-json\/wp\/v2\/posts"}],"about":[{"href":"https:\/\/www.sudoestehoje.com.br\/novoportal\/wp-json\/wp\/v2\/types\/post"}],"author":[{"embeddable":true,"href":"https:\/\/www.sudoestehoje.com.br\/novoportal\/wp-json\/wp\/v2\/users\/2"}],"replies":[{"embeddable":true,"href":"https:\/\/www.sudoestehoje.com.br\/novoportal\/wp-json\/wp\/v2\/comments?post=65576"}],"version-history":[{"count":5,"href":"https:\/\/www.sudoestehoje.com.br\/novoportal\/wp-json\/wp\/v2\/posts\/65576\/revisions"}],"predecessor-version":[{"id":65587,"href":"https:\/\/www.sudoestehoje.com.br\/novoportal\/wp-json\/wp\/v2\/posts\/65576\/revisions\/65587"}],"wp:featuredmedia":[{"embeddable":true,"href":"https:\/\/www.sudoestehoje.com.br\/novoportal\/wp-json\/wp\/v2\/media\/65577"}],"wp:attachment":[{"href":"https:\/\/www.sudoestehoje.com.br\/novoportal\/wp-json\/wp\/v2\/media?parent=65576"}],"wp:term":[{"taxonomy":"category","embeddable":true,"href":"https:\/\/www.sudoestehoje.com.br\/novoportal\/wp-json\/wp\/v2\/categories?post=65576"},{"taxonomy":"post_tag","embeddable":true,"href":"https:\/\/www.sudoestehoje.com.br\/novoportal\/wp-json\/wp\/v2\/tags?post=65576"}],"curies":[{"name":"wp","href":"https:\/\/api.w.org\/{rel}","templated":true}]}}