
{"id":65571,"date":"2017-05-24T20:33:18","date_gmt":"2017-05-24T23:33:18","guid":{"rendered":"http:\/\/www.sudoestehoje.com.br\/novoportal\/?p=65571"},"modified":"2017-05-24T21:15:12","modified_gmt":"2017-05-25T00:15:12","slug":"macarani-miller-recebe-representantes-da-sudic-e-deve-anunciar-nova-fabrica","status":"publish","type":"post","link":"https:\/\/www.sudoestehoje.com.br\/novoportal\/2017\/05\/24\/macarani-miller-recebe-representantes-da-sudic-e-deve-anunciar-nova-fabrica\/","title":{"rendered":"MACARANI: MILLER RECEBE REPRESENTANTES DA SUDIC E DEVE ANUNCIAR NOVA F\u00c1BRICA"},"content":{"rendered":"<p><a href=\"http:\/\/www.sudoestehoje.com.br\/novoportal\/wp-content\/uploads\/2017\/05\/galp\u00e3o-macarani.jpg\"><img loading=\"lazy\" decoding=\"async\" class=\"aligncenter size-medium wp-image-65572\" src=\"http:\/\/www.sudoestehoje.com.br\/novoportal\/wp-content\/uploads\/2017\/05\/galp\u00e3o-macarani-500x375.jpg\" alt=\"\" width=\"500\" height=\"375\" srcset=\"https:\/\/www.sudoestehoje.com.br\/novoportal\/wp-content\/uploads\/2017\/05\/galp\u00e3o-macarani-500x375.jpg 500w, https:\/\/www.sudoestehoje.com.br\/novoportal\/wp-content\/uploads\/2017\/05\/galp\u00e3o-macarani-768x576.jpg 768w, https:\/\/www.sudoestehoje.com.br\/novoportal\/wp-content\/uploads\/2017\/05\/galp\u00e3o-macarani-700x525.jpg 700w, https:\/\/www.sudoestehoje.com.br\/novoportal\/wp-content\/uploads\/2017\/05\/galp\u00e3o-macarani.jpg 960w\" sizes=\"auto, (max-width: 500px) 100vw, 500px\" \/><\/a><\/p>\n<p>Na tarde desta quarta-feira (24), o prefeito Miller Ferraz recebeu em seu gabinete os secret\u00e1rios Abra\u00e3o Lacerda e Berg Nascimento, juntamente com os senhores Marcio Cruso\u00e9 e Artur Am\u00e9rico, coordenadores da SUDIC.\u00a0Em conversa com os representantes do governo, o prefeito recebeu boas not\u00edcias e orienta\u00e7\u00f5es sobre a implanta\u00e7\u00e3o de uma nova f\u00e1brica no munic\u00edpio.<\/p>\n<p><a href=\"http:\/\/www.sudoestehoje.com.br\/novoportal\/wp-content\/uploads\/2017\/05\/galp\u00e3o-2.jpg\"><img loading=\"lazy\" decoding=\"async\" class=\"aligncenter size-medium wp-image-65573\" src=\"http:\/\/www.sudoestehoje.com.br\/novoportal\/wp-content\/uploads\/2017\/05\/galp\u00e3o-2-500x375.jpg\" alt=\"\" width=\"500\" height=\"375\" srcset=\"https:\/\/www.sudoestehoje.com.br\/novoportal\/wp-content\/uploads\/2017\/05\/galp\u00e3o-2-500x375.jpg 500w, https:\/\/www.sudoestehoje.com.br\/novoportal\/wp-content\/uploads\/2017\/05\/galp\u00e3o-2-768x576.jpg 768w, https:\/\/www.sudoestehoje.com.br\/novoportal\/wp-content\/uploads\/2017\/05\/galp\u00e3o-2-700x525.jpg 700w, https:\/\/www.sudoestehoje.com.br\/novoportal\/wp-content\/uploads\/2017\/05\/galp\u00e3o-2.jpg 960w\" sizes=\"auto, (max-width: 500px) 100vw, 500px\" \/><\/a><\/p>\n<p>Ap\u00f3s a reuni\u00e3o, o prefeito acompanhou os representantes da SUDIC at\u00e9 o galp\u00e3o industrial do bairro Marjorie Parque, onde aconteceu uma vistoria t\u00e9cnica para avaliar as condi\u00e7\u00f5es da unidade onde funcionava a filial da Azal\u00e9ia. O pr\u00f3ximo passo da administra\u00e7\u00e3o ser\u00e1 informar \u00e0 SUDIC sobre a nova empresa que tem interesse de se instalar em Macarani, para gerar mais empregos \u00e0 popula\u00e7\u00e3o do munic\u00edpio.<\/p>\n<div class=\"text_exposed_show\">\n<p><em>&#8220;Desde o in\u00edcio de nossa gest\u00e3o, nos empenhamos \u00a0para alcan\u00e7ar essa importante conquista, buscando gerar um maior n\u00famero de emprego para a nossa popula\u00e7\u00e3o, como forma de impulsionar o desenvolvimento de Macarani, com mais gera\u00e7\u00e3o de renda e qualidade de vida. Com f\u00e9 em Deus teremos boas not\u00edcias, nos pr\u00f3ximos dias&#8221;<\/em>, afirmou a chefe do executivo. \/\/Ascom<\/p>\n<\/div>\n","protected":false},"excerpt":{"rendered":"<p>Na tarde desta quarta-feira (24), o prefeito Miller Ferraz recebeu em seu gabinete os secret\u00e1rios Abra\u00e3o Lacerda e Berg Nascimento, juntamente com os senhores Marcio Cruso\u00e9 e Artur Am\u00e9rico, coordenadores da SUDIC.\u00a0Em conversa com os representantes do governo, o prefeito recebeu boas not\u00edcias e orienta\u00e7\u00f5es sobre a implanta\u00e7\u00e3o de uma nova f\u00e1brica no munic\u00edpio. Ap\u00f3s [&hellip;]<\/p>\n","protected":false},"author":2,"featured_media":65572,"comment_status":"open","ping_status":"open","sticky":false,"template":"","format":"standard","meta":{"footnotes":"","_links_to":"","_links_to_target":""},"categories":[1],"tags":[],"class_list":["post-65571","post","type-post","status-publish","format-standard","has-post-thumbnail","hentry","category-geral"],"views":1570,"_links":{"self":[{"href":"https:\/\/www.sudoestehoje.com.br\/novoportal\/wp-json\/wp\/v2\/posts\/65571","targetHints":{"allow":["GET"]}}],"collection":[{"href":"https:\/\/www.sudoestehoje.com.br\/novoportal\/wp-json\/wp\/v2\/posts"}],"about":[{"href":"https:\/\/www.sudoestehoje.com.br\/novoportal\/wp-json\/wp\/v2\/types\/post"}],"author":[{"embeddable":true,"href":"https:\/\/www.sudoestehoje.com.br\/novoportal\/wp-json\/wp\/v2\/users\/2"}],"replies":[{"embeddable":true,"href":"https:\/\/www.sudoestehoje.com.br\/novoportal\/wp-json\/wp\/v2\/comments?post=65571"}],"version-history":[{"count":3,"href":"https:\/\/www.sudoestehoje.com.br\/novoportal\/wp-json\/wp\/v2\/posts\/65571\/revisions"}],"predecessor-version":[{"id":65583,"href":"https:\/\/www.sudoestehoje.com.br\/novoportal\/wp-json\/wp\/v2\/posts\/65571\/revisions\/65583"}],"wp:featuredmedia":[{"embeddable":true,"href":"https:\/\/www.sudoestehoje.com.br\/novoportal\/wp-json\/wp\/v2\/media\/65572"}],"wp:attachment":[{"href":"https:\/\/www.sudoestehoje.com.br\/novoportal\/wp-json\/wp\/v2\/media?parent=65571"}],"wp:term":[{"taxonomy":"category","embeddable":true,"href":"https:\/\/www.sudoestehoje.com.br\/novoportal\/wp-json\/wp\/v2\/categories?post=65571"},{"taxonomy":"post_tag","embeddable":true,"href":"https:\/\/www.sudoestehoje.com.br\/novoportal\/wp-json\/wp\/v2\/tags?post=65571"}],"curies":[{"name":"wp","href":"https:\/\/api.w.org\/{rel}","templated":true}]}}