
{"id":65562,"date":"2017-05-24T10:02:23","date_gmt":"2017-05-24T13:02:23","guid":{"rendered":"http:\/\/www.sudoestehoje.com.br\/novoportal\/?p=65562"},"modified":"2017-05-24T10:02:23","modified_gmt":"2017-05-24T13:02:23","slug":"itapetinga-galpao-de-fabrica-que-pode-gerar-300-empregos-continua-fechado","status":"publish","type":"post","link":"https:\/\/www.sudoestehoje.com.br\/novoportal\/2017\/05\/24\/itapetinga-galpao-de-fabrica-que-pode-gerar-300-empregos-continua-fechado\/","title":{"rendered":"ITAPETINGA: GALP\u00c3O DE F\u00c1BRICA QUE PODE GERAR 300 EMPREGOS CONTINUA FECHADO"},"content":{"rendered":"<p><a href=\"http:\/\/www.sudoestehoje.com.br\/novoportal\/wp-content\/uploads\/2017\/05\/galp\u00e3o.jpg\"><img loading=\"lazy\" decoding=\"async\" class=\"aligncenter size-medium wp-image-65563\" src=\"http:\/\/www.sudoestehoje.com.br\/novoportal\/wp-content\/uploads\/2017\/05\/galp\u00e3o-500x300.jpg\" alt=\"\" width=\"500\" height=\"300\" srcset=\"https:\/\/www.sudoestehoje.com.br\/novoportal\/wp-content\/uploads\/2017\/05\/galp\u00e3o-500x300.jpg 500w, https:\/\/www.sudoestehoje.com.br\/novoportal\/wp-content\/uploads\/2017\/05\/galp\u00e3o-768x461.jpg 768w, https:\/\/www.sudoestehoje.com.br\/novoportal\/wp-content\/uploads\/2017\/05\/galp\u00e3o-700x420.jpg 700w, https:\/\/www.sudoestehoje.com.br\/novoportal\/wp-content\/uploads\/2017\/05\/galp\u00e3o.jpg 960w\" sizes=\"auto, (max-width: 500px) 100vw, 500px\" \/><\/a><\/p>\n<p>Mesmo depois da den\u00fancia deste blog, dando conta de uma articula\u00e7\u00e3o pol\u00edtica de para impedir a amplia\u00e7\u00e3o da f\u00e1brica de cal\u00e7ados Renata Melo em Itapetinga e desviar para Itamb\u00e9, a Secretaria do Desenvolvimento Econ\u00f4mico -SDE, do governo da Bahia, ainda n\u00e3o adotou nenhuma provid\u00eancia para liberar definitivamente do bairro Am\u00e9rico Nogueira, onde a extens\u00e3o da f\u00e1brica deveria se instalar.<\/p>\n<p>Por conta desse verdadeiro &#8216;ch\u00e1 de espera&#8217;, com direito a &#8216;dedo no suspiro&#8217; de pol\u00edticos ligados ao governador, o galp\u00e3o que foi totalmente reformado pela Renata Melo continua fechado, aguardando a &#8220;boa&#8221; vontade dos nossos governantes.<\/p>\n<p>Caso venha a ser implantada, a nova unidade da Renata Melo poder\u00e1 gerar cerca de 300 novos postos de trabalho no munic\u00edpio, amenizando a grave crise de desemprego que se abate sobre a cidade.<\/p>\n<p>Se o deputado que diz nos representar n\u00e3o atrapalhar, a f\u00e1brica sai.<\/p>\n<p><strong><em>Por Davi Ferraz<\/em><\/strong><\/p>\n","protected":false},"excerpt":{"rendered":"<p>Mesmo depois da den\u00fancia deste blog, dando conta de uma articula\u00e7\u00e3o pol\u00edtica de para impedir a amplia\u00e7\u00e3o da f\u00e1brica de cal\u00e7ados Renata Melo em Itapetinga e desviar para Itamb\u00e9, a Secretaria do Desenvolvimento Econ\u00f4mico -SDE, do governo da Bahia, ainda n\u00e3o adotou nenhuma provid\u00eancia para liberar definitivamente do bairro Am\u00e9rico Nogueira, onde a extens\u00e3o da [&hellip;]<\/p>\n","protected":false},"author":2,"featured_media":65563,"comment_status":"open","ping_status":"open","sticky":false,"template":"","format":"standard","meta":{"footnotes":"","_links_to":"","_links_to_target":""},"categories":[1],"tags":[],"class_list":["post-65562","post","type-post","status-publish","format-standard","has-post-thumbnail","hentry","category-geral"],"views":2946,"_links":{"self":[{"href":"https:\/\/www.sudoestehoje.com.br\/novoportal\/wp-json\/wp\/v2\/posts\/65562","targetHints":{"allow":["GET"]}}],"collection":[{"href":"https:\/\/www.sudoestehoje.com.br\/novoportal\/wp-json\/wp\/v2\/posts"}],"about":[{"href":"https:\/\/www.sudoestehoje.com.br\/novoportal\/wp-json\/wp\/v2\/types\/post"}],"author":[{"embeddable":true,"href":"https:\/\/www.sudoestehoje.com.br\/novoportal\/wp-json\/wp\/v2\/users\/2"}],"replies":[{"embeddable":true,"href":"https:\/\/www.sudoestehoje.com.br\/novoportal\/wp-json\/wp\/v2\/comments?post=65562"}],"version-history":[{"count":1,"href":"https:\/\/www.sudoestehoje.com.br\/novoportal\/wp-json\/wp\/v2\/posts\/65562\/revisions"}],"predecessor-version":[{"id":65564,"href":"https:\/\/www.sudoestehoje.com.br\/novoportal\/wp-json\/wp\/v2\/posts\/65562\/revisions\/65564"}],"wp:featuredmedia":[{"embeddable":true,"href":"https:\/\/www.sudoestehoje.com.br\/novoportal\/wp-json\/wp\/v2\/media\/65563"}],"wp:attachment":[{"href":"https:\/\/www.sudoestehoje.com.br\/novoportal\/wp-json\/wp\/v2\/media?parent=65562"}],"wp:term":[{"taxonomy":"category","embeddable":true,"href":"https:\/\/www.sudoestehoje.com.br\/novoportal\/wp-json\/wp\/v2\/categories?post=65562"},{"taxonomy":"post_tag","embeddable":true,"href":"https:\/\/www.sudoestehoje.com.br\/novoportal\/wp-json\/wp\/v2\/tags?post=65562"}],"curies":[{"name":"wp","href":"https:\/\/api.w.org\/{rel}","templated":true}]}}