
{"id":65557,"date":"2017-05-23T18:40:05","date_gmt":"2017-05-23T21:40:05","guid":{"rendered":"http:\/\/www.sudoestehoje.com.br\/novoportal\/?p=65557"},"modified":"2017-05-24T12:59:39","modified_gmt":"2017-05-24T15:59:39","slug":"luto-morre-o-aposentado-getro-magno","status":"publish","type":"post","link":"https:\/\/www.sudoestehoje.com.br\/novoportal\/2017\/05\/23\/luto-morre-o-aposentado-getro-magno\/","title":{"rendered":"LUTO: MORRE O APOSENTADO JETRO MAGNO"},"content":{"rendered":"<div id=\"attachment_65559\" style=\"width: 510px\" class=\"wp-caption aligncenter\"><a href=\"http:\/\/www.sudoestehoje.com.br\/novoportal\/wp-content\/uploads\/2017\/05\/getro-1.jpg\"><img loading=\"lazy\" decoding=\"async\" aria-describedby=\"caption-attachment-65559\" class=\"size-medium wp-image-65559\" src=\"http:\/\/www.sudoestehoje.com.br\/novoportal\/wp-content\/uploads\/2017\/05\/getro-1-500x281.jpg\" alt=\"\" width=\"500\" height=\"281\" srcset=\"https:\/\/www.sudoestehoje.com.br\/novoportal\/wp-content\/uploads\/2017\/05\/getro-1-500x281.jpg 500w, https:\/\/www.sudoestehoje.com.br\/novoportal\/wp-content\/uploads\/2017\/05\/getro-1-700x394.jpg 700w, https:\/\/www.sudoestehoje.com.br\/novoportal\/wp-content\/uploads\/2017\/05\/getro-1.jpg 720w\" sizes=\"auto, (max-width: 500px) 100vw, 500px\" \/><\/a><p id=\"caption-attachment-65559\" class=\"wp-caption-text\"><strong>JETRO AO LADO DA SUA ESPOSA N\u00daBIA FERRAZ E DAS FILHAS LILIAN E PRISCILA<\/strong><\/p><\/div>\n<p>Faleceu na tarde desta ter\u00e7a-feira (23), na UTI do Hospital Cristo Redentor, em Itapetinga, o comerciante aposentado Jetro de Sousa Magno, 67 anos, ex-propriet\u00e1rio da Casa Magno, localizada na Pra\u00e7a da B\u00edblia, no centro da cidade.<\/p>\n<p>Acometido por um AVC, Jetro j\u00e1 vinha internado no HCR nas \u00faltimas semanas, quando o seu quadro se agravou e acabou vindo a \u00f3bito.<\/p>\n<p>Casado com servidora p\u00fablica municipal N\u00fabia Ferraz, Jetro deixa tamb\u00e9m duas filhas, a psic\u00f3loga Lilian Ferraz e a estudante de biologia Priscila Ferraz.<\/p>\n<p>O corpo ser\u00e1 velado na 1\u00aa Igreja Batista de Itapetinga, localizada na Pra\u00e7a Augusto de Carvalho, centro.<\/p>\n<p>O SEPULTAMENTO EST\u00c1 PREVISTO PARA AS 15h, NO CEMIT\u00c9RIO PARQUE DA ETERNIDADE, NA NOVA ITAPETINGA. UM CULTO SER\u00c1 CELEBRADO NA 1\u00aa IGREJA BATISTA, A PARTIR DAS 14h.<\/p>\n","protected":false},"excerpt":{"rendered":"<p>Faleceu na tarde desta ter\u00e7a-feira (23), na UTI do Hospital Cristo Redentor, em Itapetinga, o comerciante aposentado Jetro de Sousa Magno, 67 anos, ex-propriet\u00e1rio da Casa Magno, localizada na Pra\u00e7a da B\u00edblia, no centro da cidade. Acometido por um AVC, Jetro j\u00e1 vinha internado no HCR nas \u00faltimas semanas, quando o seu quadro se agravou [&hellip;]<\/p>\n","protected":false},"author":2,"featured_media":0,"comment_status":"open","ping_status":"open","sticky":false,"template":"","format":"standard","meta":{"footnotes":"","_links_to":"","_links_to_target":""},"categories":[1],"tags":[],"class_list":["post-65557","post","type-post","status-publish","format-standard","hentry","category-geral"],"views":3684,"_links":{"self":[{"href":"https:\/\/www.sudoestehoje.com.br\/novoportal\/wp-json\/wp\/v2\/posts\/65557","targetHints":{"allow":["GET"]}}],"collection":[{"href":"https:\/\/www.sudoestehoje.com.br\/novoportal\/wp-json\/wp\/v2\/posts"}],"about":[{"href":"https:\/\/www.sudoestehoje.com.br\/novoportal\/wp-json\/wp\/v2\/types\/post"}],"author":[{"embeddable":true,"href":"https:\/\/www.sudoestehoje.com.br\/novoportal\/wp-json\/wp\/v2\/users\/2"}],"replies":[{"embeddable":true,"href":"https:\/\/www.sudoestehoje.com.br\/novoportal\/wp-json\/wp\/v2\/comments?post=65557"}],"version-history":[{"count":5,"href":"https:\/\/www.sudoestehoje.com.br\/novoportal\/wp-json\/wp\/v2\/posts\/65557\/revisions"}],"predecessor-version":[{"id":65567,"href":"https:\/\/www.sudoestehoje.com.br\/novoportal\/wp-json\/wp\/v2\/posts\/65557\/revisions\/65567"}],"wp:attachment":[{"href":"https:\/\/www.sudoestehoje.com.br\/novoportal\/wp-json\/wp\/v2\/media?parent=65557"}],"wp:term":[{"taxonomy":"category","embeddable":true,"href":"https:\/\/www.sudoestehoje.com.br\/novoportal\/wp-json\/wp\/v2\/categories?post=65557"},{"taxonomy":"post_tag","embeddable":true,"href":"https:\/\/www.sudoestehoje.com.br\/novoportal\/wp-json\/wp\/v2\/tags?post=65557"}],"curies":[{"name":"wp","href":"https:\/\/api.w.org\/{rel}","templated":true}]}}