
{"id":65546,"date":"2017-05-23T11:09:05","date_gmt":"2017-05-23T14:09:05","guid":{"rendered":"http:\/\/www.sudoestehoje.com.br\/novoportal\/?p=65546"},"modified":"2017-05-23T11:09:05","modified_gmt":"2017-05-23T14:09:05","slug":"itambe-eduardo-gama-participa-da-marcha-dos-prefeitos-em-brasilia","status":"publish","type":"post","link":"https:\/\/www.sudoestehoje.com.br\/novoportal\/2017\/05\/23\/itambe-eduardo-gama-participa-da-marcha-dos-prefeitos-em-brasilia\/","title":{"rendered":"ITAMB\u00c9: EDUARDO GAMA PARTICIPA DA MARCHA DOS PREFEITOS EM BRASILIA"},"content":{"rendered":"<p><a href=\"http:\/\/www.sudoestehoje.com.br\/novoportal\/wp-content\/uploads\/2017\/05\/EDUARDO-GAMA-E-MARCO-CORREIA-1.jpg\"><img loading=\"lazy\" decoding=\"async\" class=\"wp-image-65551 alignleft\" src=\"http:\/\/www.sudoestehoje.com.br\/novoportal\/wp-content\/uploads\/2017\/05\/EDUARDO-GAMA-E-MARCO-CORREIA-1-394x700.jpg\" alt=\"\" width=\"301\" height=\"535\" srcset=\"https:\/\/www.sudoestehoje.com.br\/novoportal\/wp-content\/uploads\/2017\/05\/EDUARDO-GAMA-E-MARCO-CORREIA-1-394x700.jpg 394w, https:\/\/www.sudoestehoje.com.br\/novoportal\/wp-content\/uploads\/2017\/05\/EDUARDO-GAMA-E-MARCO-CORREIA-1-506x900.jpg 506w, https:\/\/www.sudoestehoje.com.br\/novoportal\/wp-content\/uploads\/2017\/05\/EDUARDO-GAMA-E-MARCO-CORREIA-1.jpg 540w\" sizes=\"auto, (max-width: 301px) 100vw, 301px\" \/><\/a><\/p>\n<p>Na semana passada o prefeito de Itamb\u00e9, Eduardo Gama (PMDB), participou em Bras\u00edlia da Marcha dos Prefeitos, evento organizado pela CNM Confedera\u00e7\u00e3o Nacional dos Munic\u00edpios. Gama e outras centenas de prefeitos desembarcaram em Bras\u00edlia para pressionar o presidente Michel Temer (PMDB) por uma pauta municipalista que inclu\u00eda o \u201cencontro de contas\u201d entre governo federal e munic\u00edpios, a redu\u00e7\u00e3o do custeio das m\u00e1quinas p\u00fablicas e o repasse de recursos financeiros condizentes com as compet\u00eancias estabelecidas pelo pacto federativo.<\/p>\n<p>Como ocorre todos os anos, os administradores municipais apresentam demandas aos poderes Executivo, Legislativo e Judici\u00e1rio. O parcelamento das d\u00edvidas previdenci\u00e1rias \u00e9 um dos t\u00f3picos priorit\u00e1rios no Congresso Nacional, mas poder\u00e1 ser resolvido em conjunto com o governo federal.<\/p>\n<p>A CNM defende a revis\u00e3o dos d\u00e9bitos previdenci\u00e1rios, j\u00e1 que, de acordo com ela, h\u00e1 cobran\u00e7as indevidas a despeito de decis\u00e3o recente do Supremo Tribunal Federal. Na quarta feira, dia 17, ap\u00f3s encontro onde estiveram presentes mais de 5 mil prefeitos de todo pa\u00eds, a UPB Uni\u00e3o dos Munic\u00edpios da Bahia, promoveu um jantar que reuniu os prefeitos e a bancada baiana dos deputados federais. Estiveram tamb\u00e9m presentes no jantar o senador Oto Alencar e o governador Rui Costa.<\/p>\n<p>O prefeito de Itamb\u00e9 Eduardo Gama aproveitou o jantar para reivindicar melhorias para seu munic\u00edpio. Al\u00e9m dos prefeitos baianos, deputados, senadores e o pr\u00f3prio governador, alguns empres\u00e1rios de renome que atuam nos mais variados munic\u00edpios baianos, tamb\u00e9m estiveram presentes. Dentre eles, o empres\u00e1rio e advogado Marco Correia, s\u00f3cio diretor da Eco VITA AMBIENTAL. \/\/Ascom<\/p>\n","protected":false},"excerpt":{"rendered":"<p>Na semana passada o prefeito de Itamb\u00e9, Eduardo Gama (PMDB), participou em Bras\u00edlia da Marcha dos Prefeitos, evento organizado pela CNM Confedera\u00e7\u00e3o Nacional dos Munic\u00edpios. Gama e outras centenas de prefeitos desembarcaram em Bras\u00edlia para pressionar o presidente Michel Temer (PMDB) por uma pauta municipalista que inclu\u00eda o \u201cencontro de contas\u201d entre governo federal e [&hellip;]<\/p>\n","protected":false},"author":2,"featured_media":65550,"comment_status":"open","ping_status":"open","sticky":false,"template":"","format":"standard","meta":{"footnotes":"","_links_to":"","_links_to_target":""},"categories":[1],"tags":[],"class_list":["post-65546","post","type-post","status-publish","format-standard","has-post-thumbnail","hentry","category-geral"],"views":1303,"_links":{"self":[{"href":"https:\/\/www.sudoestehoje.com.br\/novoportal\/wp-json\/wp\/v2\/posts\/65546","targetHints":{"allow":["GET"]}}],"collection":[{"href":"https:\/\/www.sudoestehoje.com.br\/novoportal\/wp-json\/wp\/v2\/posts"}],"about":[{"href":"https:\/\/www.sudoestehoje.com.br\/novoportal\/wp-json\/wp\/v2\/types\/post"}],"author":[{"embeddable":true,"href":"https:\/\/www.sudoestehoje.com.br\/novoportal\/wp-json\/wp\/v2\/users\/2"}],"replies":[{"embeddable":true,"href":"https:\/\/www.sudoestehoje.com.br\/novoportal\/wp-json\/wp\/v2\/comments?post=65546"}],"version-history":[{"count":6,"href":"https:\/\/www.sudoestehoje.com.br\/novoportal\/wp-json\/wp\/v2\/posts\/65546\/revisions"}],"predecessor-version":[{"id":65556,"href":"https:\/\/www.sudoestehoje.com.br\/novoportal\/wp-json\/wp\/v2\/posts\/65546\/revisions\/65556"}],"wp:featuredmedia":[{"embeddable":true,"href":"https:\/\/www.sudoestehoje.com.br\/novoportal\/wp-json\/wp\/v2\/media\/65550"}],"wp:attachment":[{"href":"https:\/\/www.sudoestehoje.com.br\/novoportal\/wp-json\/wp\/v2\/media?parent=65546"}],"wp:term":[{"taxonomy":"category","embeddable":true,"href":"https:\/\/www.sudoestehoje.com.br\/novoportal\/wp-json\/wp\/v2\/categories?post=65546"},{"taxonomy":"post_tag","embeddable":true,"href":"https:\/\/www.sudoestehoje.com.br\/novoportal\/wp-json\/wp\/v2\/tags?post=65546"}],"curies":[{"name":"wp","href":"https:\/\/api.w.org\/{rel}","templated":true}]}}