
{"id":65542,"date":"2017-05-23T08:56:26","date_gmt":"2017-05-23T11:56:26","guid":{"rendered":"http:\/\/www.sudoestehoje.com.br\/novoportal\/?p=65542"},"modified":"2017-05-23T08:56:26","modified_gmt":"2017-05-23T11:56:26","slug":"policia-federal-prende-itapetinguense-agnelo-queiroz-ex-governador-do-df","status":"publish","type":"post","link":"https:\/\/www.sudoestehoje.com.br\/novoportal\/2017\/05\/23\/policia-federal-prende-itapetinguense-agnelo-queiroz-ex-governador-do-df\/","title":{"rendered":"POL\u00cdCIA FEDERAL PRENDE ITAPETINGUENSE AGNELO QUEIROZ, EX-GOVERNADOR DO DF"},"content":{"rendered":"<div class=\"mc-column content-text active-extra-styles active-capital-letter\" data-block-type=\"unstyled\" data-block-weight=\"58\">\n<p class=\"content-text__container theme-color-primary-first-letter\" data-track-category=\"Link no Texto\" data-track-links=\"\"><a href=\"http:\/\/www.sudoestehoje.com.br\/novoportal\/wp-content\/uploads\/2017\/05\/Agnelo_Impaciente.jpg\"><img loading=\"lazy\" decoding=\"async\" class=\"aligncenter size-medium wp-image-65544\" src=\"http:\/\/www.sudoestehoje.com.br\/novoportal\/wp-content\/uploads\/2017\/05\/Agnelo_Impaciente-500x333.jpg\" alt=\"\" width=\"500\" height=\"333\" srcset=\"https:\/\/www.sudoestehoje.com.br\/novoportal\/wp-content\/uploads\/2017\/05\/Agnelo_Impaciente-500x333.jpg 500w, https:\/\/www.sudoestehoje.com.br\/novoportal\/wp-content\/uploads\/2017\/05\/Agnelo_Impaciente.jpg 651w\" sizes=\"auto, (max-width: 500px) 100vw, 500px\" \/><\/a><\/p>\n<p class=\"content-text__container theme-color-primary-first-letter\" data-track-category=\"Link no Texto\" data-track-links=\"\">Pol\u00edcia Federal cumpre na manh\u00e3 desta ter\u00e7a-feira (23) mandados de pris\u00e3o tempor\u00e1ria contra ex-governadores do Distrito Federal Jos\u00e9 Roberto Arruda e <strong>Agnelo Queiroz<\/strong> e o ex-vice governador Tadeu Filippelli, hoje assessor do presidente Michel Temer.<\/p>\n<p class=\"content-text__container theme-color-primary-first-letter\" data-track-category=\"Link no Texto\" data-track-links=\"\">\u00c0s 8h12, segundo informa\u00e7\u00f5es da PF, os tr\u00eas pol\u00edticos foram detidos. Os policiais chegaram na casa de Agnelo por volta das 6h.<\/p>\n<\/div>\n<div class=\"mc-column content-text active-extra-styles \" data-block-type=\"unstyled\" data-block-weight=\"54\">\n<p class=\"content-text__container \" data-track-category=\"Link no Texto\" data-track-links=\"\">A opera\u00e7\u00e3o \u00e9 baseada em dela\u00e7\u00e3o premiada de executivos da Andrade Gutierrez sobre um esquema de corrup\u00e7\u00e3o nas obras do est\u00e1dio Man\u00e9 Garrincha.<\/p>\n<p class=\"content-text__container \" data-track-category=\"Link no Texto\" data-track-links=\"\">A PF diz que a reforma do local pode ter sido superfaturada em cerca de R$ 900 milh\u00f5es, visto que estava or\u00e7ada em R$ 600 milh\u00f5es mas custou R$ 1,575 bilh\u00e3o.<\/p>\n<\/div>\n","protected":false},"excerpt":{"rendered":"<p>Pol\u00edcia Federal cumpre na manh\u00e3 desta ter\u00e7a-feira (23) mandados de pris\u00e3o tempor\u00e1ria contra ex-governadores do Distrito Federal Jos\u00e9 Roberto Arruda e Agnelo Queiroz e o ex-vice governador Tadeu Filippelli, hoje assessor do presidente Michel Temer. \u00c0s 8h12, segundo informa\u00e7\u00f5es da PF, os tr\u00eas pol\u00edticos foram detidos. Os policiais chegaram na casa de Agnelo por volta [&hellip;]<\/p>\n","protected":false},"author":2,"featured_media":0,"comment_status":"open","ping_status":"open","sticky":false,"template":"","format":"standard","meta":{"footnotes":"","_links_to":"","_links_to_target":""},"categories":[1],"tags":[],"class_list":["post-65542","post","type-post","status-publish","format-standard","hentry","category-geral"],"views":3980,"_links":{"self":[{"href":"https:\/\/www.sudoestehoje.com.br\/novoportal\/wp-json\/wp\/v2\/posts\/65542","targetHints":{"allow":["GET"]}}],"collection":[{"href":"https:\/\/www.sudoestehoje.com.br\/novoportal\/wp-json\/wp\/v2\/posts"}],"about":[{"href":"https:\/\/www.sudoestehoje.com.br\/novoportal\/wp-json\/wp\/v2\/types\/post"}],"author":[{"embeddable":true,"href":"https:\/\/www.sudoestehoje.com.br\/novoportal\/wp-json\/wp\/v2\/users\/2"}],"replies":[{"embeddable":true,"href":"https:\/\/www.sudoestehoje.com.br\/novoportal\/wp-json\/wp\/v2\/comments?post=65542"}],"version-history":[{"count":2,"href":"https:\/\/www.sudoestehoje.com.br\/novoportal\/wp-json\/wp\/v2\/posts\/65542\/revisions"}],"predecessor-version":[{"id":65545,"href":"https:\/\/www.sudoestehoje.com.br\/novoportal\/wp-json\/wp\/v2\/posts\/65542\/revisions\/65545"}],"wp:attachment":[{"href":"https:\/\/www.sudoestehoje.com.br\/novoportal\/wp-json\/wp\/v2\/media?parent=65542"}],"wp:term":[{"taxonomy":"category","embeddable":true,"href":"https:\/\/www.sudoestehoje.com.br\/novoportal\/wp-json\/wp\/v2\/categories?post=65542"},{"taxonomy":"post_tag","embeddable":true,"href":"https:\/\/www.sudoestehoje.com.br\/novoportal\/wp-json\/wp\/v2\/tags?post=65542"}],"curies":[{"name":"wp","href":"https:\/\/api.w.org\/{rel}","templated":true}]}}