
{"id":65538,"date":"2017-05-22T22:48:10","date_gmt":"2017-05-23T01:48:10","guid":{"rendered":"http:\/\/www.sudoestehoje.com.br\/novoportal\/?p=65538"},"modified":"2017-05-22T22:48:10","modified_gmt":"2017-05-23T01:48:10","slug":"itapetinga-camara-corta-diarias-e-gratificacoes-para-reduzir-gastos-publicos","status":"publish","type":"post","link":"https:\/\/www.sudoestehoje.com.br\/novoportal\/2017\/05\/22\/itapetinga-camara-corta-diarias-e-gratificacoes-para-reduzir-gastos-publicos\/","title":{"rendered":"ITAPETINGA: C\u00c2MARA CORTA DI\u00c1RIAS E GRATIFICA\u00c7\u00d5ES PARA REDUZIR GASTOS P\u00daBLICOS"},"content":{"rendered":"<p><a href=\"http:\/\/www.sudoestehoje.com.br\/novoportal\/wp-content\/uploads\/2017\/05\/CAMARA.jpg\"><img loading=\"lazy\" decoding=\"async\" class=\"aligncenter  wp-image-65539\" src=\"http:\/\/www.sudoestehoje.com.br\/novoportal\/wp-content\/uploads\/2017\/05\/CAMARA.jpg\" alt=\"\" width=\"501\" height=\"295\" \/><\/a><\/p>\n<p>Como parte das medidas que visam \u00e0 economia dos gastos p\u00fablicos, por conta do atual quadro financeiro, a Mesa Diretora da C\u00e2mara Municipal de Itapetinga decidiu suspender, at\u00e9 o m\u00eas de agosto, a concess\u00e3o de di\u00e1rias para vereadores, assessores e funcion\u00e1rios. A medida de contingenciamento or\u00e7ament\u00e1rio foi determinada por meio da Portaria 602\/17, publicada no Di\u00e1rio Oficial do Legislativo nesta segunda-feira (22).<\/p>\n<p>Decis\u00e3o semelhante tamb\u00e9m foi publicada no \u00faltimo dia 16. A Portaria 599\/17 suspende, por tempo indeterminado, o pagamento das parcelas remunerat\u00f3rias referentes \u00e0s gratifica\u00e7\u00f5es dos servidores comissionados do Poder Legislativo.<\/p>\n<p>No m\u00eas passado, a Mesa Diretora fez um balan\u00e7o dos primeiros 100 dias de gest\u00e3o em reuni\u00e3o para a qual todos os vereadores foram convidados. Na ocasi\u00e3o, o presidente Eliomar Barreira\/Tarug\u00e3o (PMDB) explicou as medidas de austeridade adotadas para equilibrar as contas do legislativo.<\/p>\n<p>Conforme informa\u00e7\u00f5es do setor cont\u00e1bil da C\u00e2mara, o \u00f3rg\u00e3o est\u00e1 se esfor\u00e7ando para adequar as despesas com pessoal ao limite prudencial imposto pela Lei de Responsabilidade Fiscal e, al\u00e9m disso, conseguir conceder reajuste salarial aos servidores efetivos.<\/p>\n","protected":false},"excerpt":{"rendered":"<p>Como parte das medidas que visam \u00e0 economia dos gastos p\u00fablicos, por conta do atual quadro financeiro, a Mesa Diretora da C\u00e2mara Municipal de Itapetinga decidiu suspender, at\u00e9 o m\u00eas de agosto, a concess\u00e3o de di\u00e1rias para vereadores, assessores e funcion\u00e1rios. A medida de contingenciamento or\u00e7ament\u00e1rio foi determinada por meio da Portaria 602\/17, publicada no [&hellip;]<\/p>\n","protected":false},"author":2,"featured_media":65539,"comment_status":"open","ping_status":"open","sticky":false,"template":"","format":"standard","meta":{"footnotes":"","_links_to":"","_links_to_target":""},"categories":[1],"tags":[],"class_list":["post-65538","post","type-post","status-publish","format-standard","has-post-thumbnail","hentry","category-geral"],"views":1451,"_links":{"self":[{"href":"https:\/\/www.sudoestehoje.com.br\/novoportal\/wp-json\/wp\/v2\/posts\/65538","targetHints":{"allow":["GET"]}}],"collection":[{"href":"https:\/\/www.sudoestehoje.com.br\/novoportal\/wp-json\/wp\/v2\/posts"}],"about":[{"href":"https:\/\/www.sudoestehoje.com.br\/novoportal\/wp-json\/wp\/v2\/types\/post"}],"author":[{"embeddable":true,"href":"https:\/\/www.sudoestehoje.com.br\/novoportal\/wp-json\/wp\/v2\/users\/2"}],"replies":[{"embeddable":true,"href":"https:\/\/www.sudoestehoje.com.br\/novoportal\/wp-json\/wp\/v2\/comments?post=65538"}],"version-history":[{"count":1,"href":"https:\/\/www.sudoestehoje.com.br\/novoportal\/wp-json\/wp\/v2\/posts\/65538\/revisions"}],"predecessor-version":[{"id":65540,"href":"https:\/\/www.sudoestehoje.com.br\/novoportal\/wp-json\/wp\/v2\/posts\/65538\/revisions\/65540"}],"wp:featuredmedia":[{"embeddable":true,"href":"https:\/\/www.sudoestehoje.com.br\/novoportal\/wp-json\/wp\/v2\/media\/65539"}],"wp:attachment":[{"href":"https:\/\/www.sudoestehoje.com.br\/novoportal\/wp-json\/wp\/v2\/media?parent=65538"}],"wp:term":[{"taxonomy":"category","embeddable":true,"href":"https:\/\/www.sudoestehoje.com.br\/novoportal\/wp-json\/wp\/v2\/categories?post=65538"},{"taxonomy":"post_tag","embeddable":true,"href":"https:\/\/www.sudoestehoje.com.br\/novoportal\/wp-json\/wp\/v2\/tags?post=65538"}],"curies":[{"name":"wp","href":"https:\/\/api.w.org\/{rel}","templated":true}]}}